{"id":12124,"date":"2025-03-09T11:24:07","date_gmt":"2025-03-09T14:24:07","guid":{"rendered":"https:\/\/impactodenoticias.com.ar\/?p=12124"},"modified":"2025-03-09T11:24:12","modified_gmt":"2025-03-09T14:24:12","slug":"un-hombre-fue-arrestado-tras-realizar-varios-robos-con-un-arma-de-fuego-en-parana","status":"publish","type":"post","link":"https:\/\/impactodenoticias.com.ar\/?p=12124","title":{"rendered":"Un hombre fue arrestado tras realizar varios robos con un arma de fuego en Paran\u00e1"},"content":{"rendered":"\n<h2 class=\"wp-block-heading\">Un delicuente de 26 a\u00f1os termin\u00f3 arrestado, adem\u00e1s una moto de su propiedad y dos r\u00e9plicas de arma de fuego fueron secuestradas por la Divisi\u00f3n Investigaciones de la Jefatura Departamental Paran\u00e1, luego de un ardua pesquisa realizada debido a las denuncias de una serie de robos registrados en la ciudad entre el jueves y viernes.<\/h2>\n\n\n\n<p>Seg\u00fan se inform\u00f3 a <strong>IMPACTO DE NOTICIAS<\/strong>, el personal policial inici\u00f3 la investigaci\u00f3n luego de dos intentos de asalto en jurisdicci\u00f3n de la comisar\u00eda primera y octava, y otro hecho consumado en la zona de la comisar\u00eda 14\u00ba.<\/p>\n\n\n\n<p>En los tres hechos, las v\u00edctimas le contaron a los detectives de Investigaciones que los delincuentes se movilizaban en una moto CG Titan color negra y que los malvivientes estaban armados.<\/p>\n\n\n\n<p>Los investigadores policiales revisaron las c\u00e1maras de las zonas donde sucedieron los hechos y, con la colaboraci\u00f3n del personal de las dependencias afectadas, se avanz\u00f3 en la identificaci\u00f3n de los hombres.<\/p>\n\n\n\n<p>Por medio de an\u00e1lisis de registros f\u00edlmicos se pudo establecer que los delitos hab\u00edan sido cometidos por los mismos autores, quienes se desplazaban en una motocicleta de 150 cc color negra.<\/p>\n\n\n\n<p>Tras individualizar los recorridos y el domicilio del due\u00f1o de la moto, se llev\u00f3 adelante un allanamiento en la vivienda de uno de ellos.<\/p>\n\n\n\n<p><\/p>\n\n\n\n<figure class=\"wp-block-image size-full\"><img loading=\"lazy\" decoding=\"async\" width=\"696\" height=\"638\" src=\"https:\/\/impactodenoticias.com.ar\/wp-content\/uploads\/2025\/03\/moto-secuestrada-por-robos-e1741481348938.webp\" alt=\"\" class=\"wp-image-12125\" srcset=\"https:\/\/impactodenoticias.com.ar\/wp-content\/uploads\/2025\/03\/moto-secuestrada-por-robos-e1741481348938.webp 696w, https:\/\/impactodenoticias.com.ar\/wp-content\/uploads\/2025\/03\/moto-secuestrada-por-robos-e1741481348938-300x275.webp 300w\" sizes=\"auto, (max-width: 696px) 100vw, 696px\" \/><\/figure>\n\n\n\n<p><\/p>\n\n\n\n<p>En el operativo ordenado por la Justicia, se arrest\u00f3 a un hombre de 26 a\u00f1os y se logr\u00f3 el secuestro de dos r\u00e9plicas de armas de fuego, una motocicleta Honda CG Titan color negro con dominio colocado, cascos, prendas de vestir utilizadas por los delincuentes durante los il\u00edcitos, as\u00ed como sus tel\u00e9fonos celulares.<\/p>\n\n\n\n<p>El caso qued\u00f3 en manos del fiscal Eric Zenklusen, quien est\u00e1 a cargo de la Fiscal\u00eda de Litigaci\u00f3n e Investigaci\u00f3n y quien dispuso la aprehensi\u00f3n del sujeto.<\/p>\n","protected":false},"excerpt":{"rendered":"<p>Un delicuente de 26 a&ntilde;os termin&oacute; arrestado, adem&aacute;s una moto de su propiedad y dos r&eacute;plicas de arma de fuego fueron secuestradas por la Divisi&oacute;n Investigaciones de la Jefatura Departamental Paran&aacute;, luego de un ardua pesquisa realizada debido a las denuncias de una serie de robos registrados en la ciudad entre el jueves y viernes. [&hellip;]<\/p>\n","protected":false},"author":2,"featured_media":12126,"comment_status":"open","ping_status":"open","sticky":false,"template":"","format":"standard","meta":{"footnotes":""},"categories":[3,8],"tags":[175,146,95,326],"class_list":["post-12124","post","type-post","status-publish","format-standard","has-post-thumbnail","hentry","category-locales","category-policiales","tag-detenido","tag-hombre","tag-parana","tag-robos"],"_links":{"self":[{"href":"https:\/\/impactodenoticias.com.ar\/index.php?rest_route=\/wp\/v2\/posts\/12124","targetHints":{"allow":["GET"]}}],"collection":[{"href":"https:\/\/impactodenoticias.com.ar\/index.php?rest_route=\/wp\/v2\/posts"}],"about":[{"href":"https:\/\/impactodenoticias.com.ar\/index.php?rest_route=\/wp\/v2\/types\/post"}],"author":[{"embeddable":true,"href":"https:\/\/impactodenoticias.com.ar\/index.php?rest_route=\/wp\/v2\/users\/2"}],"replies":[{"embeddable":true,"href":"https:\/\/impactodenoticias.com.ar\/index.php?rest_route=%2Fwp%2Fv2%2Fcomments&post=12124"}],"version-history":[{"count":1,"href":"https:\/\/impactodenoticias.com.ar\/index.php?rest_route=\/wp\/v2\/posts\/12124\/revisions"}],"predecessor-version":[{"id":12127,"href":"https:\/\/impactodenoticias.com.ar\/index.php?rest_route=\/wp\/v2\/posts\/12124\/revisions\/12127"}],"wp:featuredmedia":[{"embeddable":true,"href":"https:\/\/impactodenoticias.com.ar\/index.php?rest_route=\/wp\/v2\/media\/12126"}],"wp:attachment":[{"href":"https:\/\/impactodenoticias.com.ar\/index.php?rest_route=%2Fwp%2Fv2%2Fmedia&parent=12124"}],"wp:term":[{"taxonomy":"category","embeddable":true,"href":"https:\/\/impactodenoticias.com.ar\/index.php?rest_route=%2Fwp%2Fv2%2Fcategories&post=12124"},{"taxonomy":"post_tag","embeddable":true,"href":"https:\/\/impactodenoticias.com.ar\/index.php?rest_route=%2Fwp%2Fv2%2Ftags&post=12124"}],"curies":[{"name":"wp","href":"https:\/\/api.w.org\/{rel}","templated":true}]}}