{"id":12128,"date":"2025-03-09T11:32:57","date_gmt":"2025-03-09T14:32:57","guid":{"rendered":"https:\/\/impactodenoticias.com.ar\/?p=12128"},"modified":"2025-03-09T11:32:57","modified_gmt":"2025-03-09T14:32:57","slug":"aparecio-el-arma-con-la-que-habrian-matado-a-cristian-dietz-en-el-barrio-la-milagrosa-de-parana","status":"publish","type":"post","link":"https:\/\/impactodenoticias.com.ar\/?p=12128","title":{"rendered":"Apareci\u00f3 el arma con la que habr\u00edan matado a Cristian Dietz en el barrio la Milagrosa de Paran\u00e1"},"content":{"rendered":"\n<h2 class=\"wp-block-heading\">La Polic\u00eda de Entre R\u00edos confirm\u00f3 el hallazgo de un arma que fue incorporada a la causa donde se investiga el homicidio de Cristian Dietz en Paran\u00e1. Se tratar\u00eda del rev\u00f3lver con el que habr\u00edan matado al hombre de 46 a\u00f1os la ma\u00f1ana del mi\u00e9rcoles 5 de marzo en Barrio La Milagrosa.<\/h2>\n\n\n\n<p>Seg\u00fan se\u00f1alaron desde la Polic\u00eda, en virtud de los recientes allanamientos llevadoa adelante en las inmediaciones del Barrio Papa Francisco, se recibi\u00f3 informaci\u00f3n sobre las actividades de las personas vinculadas a la causa.<\/p>\n\n\n\n<p>Durante la noche, un vecino se present\u00f3 en el lugar, quien de forma an\u00f3nima inform\u00f3 que horas antes las personas investigadas hab\u00edan estado en Cortada 1745, donde habr\u00edan descartado un arma de fuego, presuntamente relacionada con el homicidio.<\/p>\n\n\n\n<p>Munidos con esta informaci\u00f3n, se dispuso la presencia de personal policial en el lugar comenzando la b\u00fasqueda del arma. Esta tarea finalmente dio con un arma de fuego tipo rev\u00f3lver, calibre .22 largo, marca Jaguar, con numeraci\u00f3n suprimida, entre malezas y residuos.<\/p>\n\n\n\n<p>El rev\u00f3lver conten\u00eda un tambor con 10 alveolos y en su interior se encontraron 5 cartuchos calibre .22 largo y 2 vainas servidas.<\/p>\n\n\n\n<p>El arma fue secuestrada y se inform\u00f3 al Dr. Juan Francisco Ram\u00edrez Montrull, a cargo de la Fiscal\u00eda de Delitos Complejos, quien est\u00e1 al tanto de la causa relacionada. Se inform\u00f3 que el rev\u00f3lver ser\u00e1 peritado y remitido a personal de la Direcci\u00f3n Polic\u00eda Cient\u00edfica para su an\u00e1lisis.<\/p>\n","protected":false},"excerpt":{"rendered":"<p>La Polic&iacute;a de Entre R&iacute;os confirm&oacute; el hallazgo de un arma que fue incorporada a la causa donde se investiga el homicidio de Cristian Dietz en Paran&aacute;. Se tratar&iacute;a del rev&oacute;lver con el que habr&iacute;an matado al hombre de 46 a&ntilde;os la ma&ntilde;ana del mi&eacute;rcoles 5 de marzo en Barrio La Milagrosa. Seg&uacute;n se&ntilde;alaron desde [&hellip;]<\/p>\n","protected":false},"author":2,"featured_media":12129,"comment_status":"open","ping_status":"open","sticky":false,"template":"","format":"standard","meta":{"footnotes":""},"categories":[3,8],"tags":[1108,110,1145,4750,4714,95],"class_list":["post-12128","post","type-post","status-publish","format-standard","has-post-thumbnail","hentry","category-locales","category-policiales","tag-arma","tag-asesinato","tag-barrio","tag-cristian-dietz","tag-la-milagrosa","tag-parana"],"_links":{"self":[{"href":"https:\/\/impactodenoticias.com.ar\/index.php?rest_route=\/wp\/v2\/posts\/12128","targetHints":{"allow":["GET"]}}],"collection":[{"href":"https:\/\/impactodenoticias.com.ar\/index.php?rest_route=\/wp\/v2\/posts"}],"about":[{"href":"https:\/\/impactodenoticias.com.ar\/index.php?rest_route=\/wp\/v2\/types\/post"}],"author":[{"embeddable":true,"href":"https:\/\/impactodenoticias.com.ar\/index.php?rest_route=\/wp\/v2\/users\/2"}],"replies":[{"embeddable":true,"href":"https:\/\/impactodenoticias.com.ar\/index.php?rest_route=%2Fwp%2Fv2%2Fcomments&post=12128"}],"version-history":[{"count":1,"href":"https:\/\/impactodenoticias.com.ar\/index.php?rest_route=\/wp\/v2\/posts\/12128\/revisions"}],"predecessor-version":[{"id":12130,"href":"https:\/\/impactodenoticias.com.ar\/index.php?rest_route=\/wp\/v2\/posts\/12128\/revisions\/12130"}],"wp:featuredmedia":[{"embeddable":true,"href":"https:\/\/impactodenoticias.com.ar\/index.php?rest_route=\/wp\/v2\/media\/12129"}],"wp:attachment":[{"href":"https:\/\/impactodenoticias.com.ar\/index.php?rest_route=%2Fwp%2Fv2%2Fmedia&parent=12128"}],"wp:term":[{"taxonomy":"category","embeddable":true,"href":"https:\/\/impactodenoticias.com.ar\/index.php?rest_route=%2Fwp%2Fv2%2Fcategories&post=12128"},{"taxonomy":"post_tag","embeddable":true,"href":"https:\/\/impactodenoticias.com.ar\/index.php?rest_route=%2Fwp%2Fv2%2Ftags&post=12128"}],"curies":[{"name":"wp","href":"https:\/\/api.w.org\/{rel}","templated":true}]}}