{"id":12133,"date":"2025-03-09T19:50:34","date_gmt":"2025-03-09T22:50:34","guid":{"rendered":"https:\/\/impactodenoticias.com.ar\/?p=12133"},"modified":"2025-03-10T11:41:14","modified_gmt":"2025-03-10T14:41:14","slug":"se-produjeron-disturbios-en-el-festejo-de-la-ciudad-de-diamante","status":"publish","type":"post","link":"https:\/\/impactodenoticias.com.ar\/?p=12133","title":{"rendered":"Se produjeron disturbios en el festejo de la ciudad de Diamante"},"content":{"rendered":"\n<p class=\"has-medium-font-size\"><strong>El lamentable episodio se registr\u00f3 casi al finalizar el festejo por el cumplea\u00f1os de nuestra ciudad. Un video enviado por un lector, muestra los momento de tensi\u00f3n que se vivieron.<\/strong><\/p>\n\n\n\n<p>El festejo, que se llev\u00f3 a cabo el viernes en la intersecci\u00f3n de las calles Arnoldo Janssen y 9 de Julio, convoc\u00f3 a gran n\u00famero de espectadores, y se vio empa\u00f1ado por un nuevo hecho de violencia.<\/p>\n\n\n\n<p>El estado de nerviosismo existente en la sociedad, hace que ante cualquier mirada o palabra de m\u00e1s, se genere una violenta reacci\u00f3n y se desate el caos, tal es el caso ocurrido en el festejo de la ciudad, donde intervinieron varias mujeres y hombres, ante la presencia de ni\u00f1os que observaron el lamentable hecho generado por sus mayores.<\/p>\n\n\n\n<p>Desconocemos los motivos del desorden que se desat\u00f3, tampoco se recepcion\u00f3 un parte policial sobre los hechos acaecidos, tampoco si hubo detenidos o demorados por parte de las fuerzas del orden.<\/p>\n\n\n\n<p>Diamante no se merece que hechos de esta naturaleza que opacan una fiesta para el disfrute de la mayor\u00eda de los diamantinos, quienes concurrieron a pasar un momento de sano esparcimiento y no un match de lucha libre o boxeo.<\/p>\n\n\n\n<p><strong>Informe de la Jefatura Departamental<\/strong><\/p>\n\n\n\n<p>Se trat\u00f3 de un disturbio donde algunos se agredieron por diferencias personales, y sucedi\u00f3 cuando ya habia finalizado el festejo. Pero la Polic\u00eda intervino, restableciendo el orden. Se indic\u00f3 adem\u00e1s que dos hombres fueron arrestados por el incidente.<\/p>\n\n\n\n<p><strong>Video gentileza de un lector<\/strong><\/p>\n\n\n\n<p><\/p>\n\n\n\n<figure class=\"wp-block-video\"><video height=\"850\" style=\"aspect-ratio: 478 \/ 850;\" width=\"478\" controls src=\"https:\/\/impactodenoticias.com.ar\/wp-content\/uploads\/2025\/03\/WhatsApp-Video-2025-03-09-at-10.05.27.mp4\"><\/video><\/figure>\n\n\n\n<p><\/p>\n\n\n\n<p><strong>Fuente: Neo Net Music e Impacto de Noticias<\/strong><\/p>\n","protected":false},"excerpt":{"rendered":"<p>El lamentable episodio se registr&oacute; casi al finalizar el festejo por el cumplea&ntilde;os de nuestra ciudad. Un video enviado por un lector, muestra los momento de tensi&oacute;n que se vivieron. El festejo, que se llev&oacute; a cabo el viernes en la intersecci&oacute;n de las calles Arnoldo Janssen y 9 de Julio, convoc&oacute; a gran n&uacute;mero [&hellip;]<\/p>\n","protected":false},"author":2,"featured_media":12136,"comment_status":"open","ping_status":"open","sticky":false,"template":"","format":"standard","meta":{"footnotes":""},"categories":[3,8],"tags":[73,374,1589],"class_list":["post-12133","post","type-post","status-publish","format-standard","has-post-thumbnail","hentry","category-locales","category-policiales","tag-diamante","tag-disturbios","tag-festejo"],"_links":{"self":[{"href":"https:\/\/impactodenoticias.com.ar\/index.php?rest_route=\/wp\/v2\/posts\/12133","targetHints":{"allow":["GET"]}}],"collection":[{"href":"https:\/\/impactodenoticias.com.ar\/index.php?rest_route=\/wp\/v2\/posts"}],"about":[{"href":"https:\/\/impactodenoticias.com.ar\/index.php?rest_route=\/wp\/v2\/types\/post"}],"author":[{"embeddable":true,"href":"https:\/\/impactodenoticias.com.ar\/index.php?rest_route=\/wp\/v2\/users\/2"}],"replies":[{"embeddable":true,"href":"https:\/\/impactodenoticias.com.ar\/index.php?rest_route=%2Fwp%2Fv2%2Fcomments&post=12133"}],"version-history":[{"count":1,"href":"https:\/\/impactodenoticias.com.ar\/index.php?rest_route=\/wp\/v2\/posts\/12133\/revisions"}],"predecessor-version":[{"id":12137,"href":"https:\/\/impactodenoticias.com.ar\/index.php?rest_route=\/wp\/v2\/posts\/12133\/revisions\/12137"}],"wp:featuredmedia":[{"embeddable":true,"href":"https:\/\/impactodenoticias.com.ar\/index.php?rest_route=\/wp\/v2\/media\/12136"}],"wp:attachment":[{"href":"https:\/\/impactodenoticias.com.ar\/index.php?rest_route=%2Fwp%2Fv2%2Fmedia&parent=12133"}],"wp:term":[{"taxonomy":"category","embeddable":true,"href":"https:\/\/impactodenoticias.com.ar\/index.php?rest_route=%2Fwp%2Fv2%2Fcategories&post=12133"},{"taxonomy":"post_tag","embeddable":true,"href":"https:\/\/impactodenoticias.com.ar\/index.php?rest_route=%2Fwp%2Fv2%2Ftags&post=12133"}],"curies":[{"name":"wp","href":"https:\/\/api.w.org\/{rel}","templated":true}]}}