{"id":12157,"date":"2025-03-10T11:25:56","date_gmt":"2025-03-10T14:25:56","guid":{"rendered":"https:\/\/impactodenoticias.com.ar\/?p=12157"},"modified":"2025-03-11T10:53:35","modified_gmt":"2025-03-11T13:53:35","slug":"gran-preocupacion-de-500-empleados-de-caminos-rio-uruguay-que-en-un-mes-se-quedarian-sin-su-fuente-laboral","status":"publish","type":"post","link":"https:\/\/impactodenoticias.com.ar\/?p=12157","title":{"rendered":"Gran preocupaci\u00f3n de 500 empleados de Caminos R\u00edo Uruguay que en un mes se quedar\u00edan sin su fuente laboral"},"content":{"rendered":"\n<p class=\"has-medium-font-size\"><strong>Caminos del R\u00edo Uruguay S.A. (Crusa), alert\u00f3 que m\u00e1s de 500 empleados quedar\u00e1n a la deriva, tras el fin de la concesi\u00f3n, previsto para el 8 de abril. La empresa afirm\u00f3 haber buscado soluciones con el Gobierno nacional, pero destacaron que no obtuvo respuestas hasta el momento.<\/strong><\/p>\n\n\n\n<p>Desde Caminos del R\u00edo Uruguay Sociedad An\u00f3nima (CRUSA), se dio a conocer un comunicado en el que comunic\u00f3 que \u201cluego de reuniones con la Direcci\u00f3n Nacional de Vialidad, la autoridad gubernamental rechaz\u00f3 dar una respuesta sobre la situaci\u00f3n de los m\u00e1s de 500 empleados que hoy desempe\u00f1an distintas tareas a lo largo de los trazados bajo concesi\u00f3n de Caminos del R\u00edo Uruguay S.A\u201d.<\/p>\n\n\n\n<p>\u201cPor este motivo y pese al insistente pedido que realiz\u00f3 CRUSA, ellos y sus familias, en su mayor\u00eda oriundas de localidades de la zona, no tienen hasta el momento seguridad sobre su futuro laboral a partir de la ca\u00edda de la concesi\u00f3n, que se efectivizar\u00e1 el 8 de abril\u201d, subrayaron.<\/p>\n\n\n\n<p>Caminos del R\u00edo Uruguay afirm\u00f3 haber informado sobre esta problem\u00e1tica por todos los medios posibles a los funcionarios gubernamentales, quienes se negaron a hacerse cargo de la situaci\u00f3n. E indicaron que pese a \u201cla dificultad que conlleva comprender una actitud tan negligente de las autoridades responsables\u201d, seguir\u00e1n \u201cbuscando alternativas para los trabajadores y sus familias\u201d.<\/p>\n\n\n\n<p>Crusa destac\u00f3 que \u201cel camino natural es prorrogar la concesi\u00f3n actual hasta que se defina un rumbo claro respecto de la licitaci\u00f3n: esto significa, o bien que CRUSA contin\u00fae con su administraci\u00f3n, o que comience una transici\u00f3n ordenada a una nueva concesionaria\u201d.<\/p>\n\n\n\n<p>Sin embargo: \u201cLamentablemente, desde el Gobierno Nacional, se rechaz\u00f3 esta propuesta ofrecida de buena fe por parte de la empresa, dejando sin respuestas las necesidades de usuarios y trabajadores\u201d, remarcaron.<\/p>\n","protected":false},"excerpt":{"rendered":"<p>Caminos del R&iacute;o Uruguay S.A. (Crusa), alert&oacute; que m&aacute;s de 500 empleados quedar&aacute;n a la deriva, tras el fin de la concesi&oacute;n, previsto para el 8 de abril. La empresa afirm&oacute; haber buscado soluciones con el Gobierno nacional, pero destacaron que no obtuvo respuestas hasta el momento. Desde Caminos del R&iacute;o Uruguay Sociedad An&oacute;nima (CRUSA), [&hellip;]<\/p>\n","protected":false},"author":2,"featured_media":12158,"comment_status":"open","ping_status":"open","sticky":false,"template":"","format":"standard","meta":{"footnotes":""},"categories":[91,11,4,49],"tags":[4763,4764,2122,851],"class_list":["post-12157","post","type-post","status-publish","format-standard","has-post-thumbnail","hentry","category-gremiales","category-politica","category-provinciales","category-sociedad","tag-caminos-rio-uruguay","tag-crusa","tag-empleados","tag-preocupacion"],"_links":{"self":[{"href":"https:\/\/impactodenoticias.com.ar\/index.php?rest_route=\/wp\/v2\/posts\/12157","targetHints":{"allow":["GET"]}}],"collection":[{"href":"https:\/\/impactodenoticias.com.ar\/index.php?rest_route=\/wp\/v2\/posts"}],"about":[{"href":"https:\/\/impactodenoticias.com.ar\/index.php?rest_route=\/wp\/v2\/types\/post"}],"author":[{"embeddable":true,"href":"https:\/\/impactodenoticias.com.ar\/index.php?rest_route=\/wp\/v2\/users\/2"}],"replies":[{"embeddable":true,"href":"https:\/\/impactodenoticias.com.ar\/index.php?rest_route=%2Fwp%2Fv2%2Fcomments&post=12157"}],"version-history":[{"count":1,"href":"https:\/\/impactodenoticias.com.ar\/index.php?rest_route=\/wp\/v2\/posts\/12157\/revisions"}],"predecessor-version":[{"id":12159,"href":"https:\/\/impactodenoticias.com.ar\/index.php?rest_route=\/wp\/v2\/posts\/12157\/revisions\/12159"}],"wp:featuredmedia":[{"embeddable":true,"href":"https:\/\/impactodenoticias.com.ar\/index.php?rest_route=\/wp\/v2\/media\/12158"}],"wp:attachment":[{"href":"https:\/\/impactodenoticias.com.ar\/index.php?rest_route=%2Fwp%2Fv2%2Fmedia&parent=12157"}],"wp:term":[{"taxonomy":"category","embeddable":true,"href":"https:\/\/impactodenoticias.com.ar\/index.php?rest_route=%2Fwp%2Fv2%2Fcategories&post=12157"},{"taxonomy":"post_tag","embeddable":true,"href":"https:\/\/impactodenoticias.com.ar\/index.php?rest_route=%2Fwp%2Fv2%2Ftags&post=12157"}],"curies":[{"name":"wp","href":"https:\/\/api.w.org\/{rel}","templated":true}]}}