{"id":1216,"date":"2024-07-16T17:26:12","date_gmt":"2024-07-16T20:26:12","guid":{"rendered":"https:\/\/impactodenoticias.com.ar\/?p=1216"},"modified":"2024-07-16T17:26:18","modified_gmt":"2024-07-16T20:26:18","slug":"el-copnaf-rechazo-un-camion-que-habia-sido-entregado-por-la-justicia-federal","status":"publish","type":"post","link":"https:\/\/impactodenoticias.com.ar\/?p=1216","title":{"rendered":"El Copnaf rechaz\u00f3 un cami\u00f3n que hab\u00eda sido entregado por la Justicia Federal"},"content":{"rendered":"\n<p><strong>La situaci\u00f3n se dio a conocer a trav\u00e9s de la sentencia del Tribunal Oral Federal de Concepci\u00f3n del Uruguay del 2 de julio. La actual gesti\u00f3n manifest\u00f3 su voluntad de desistir del cargo de depositario judicial de un cami\u00f3n Mercedes Benz que se le otorg\u00f3 en 2021.<\/strong><\/p>\n\n\n\n<p>El 2 de julio, el Tribunal Oral Federal de Concepci\u00f3n del Uruguay, en su integraci\u00f3n unipersonal en la vocal\u00eda de Mariela Emilce Rojas, dispuso \u201crevocar la entrega en car\u00e1cter al Copnaf del cami\u00f3n marca Mercedes Benz, modelo L 1215\/42, tipo chasis con cabina, dominio colocado THX-316, que se hab\u00eda dispuesto mediante resoluci\u00f3n N\u00b0 247\/2023\u201d.<\/p>\n\n\n\n<p>As\u00ed, resolvi\u00f3 \u201chacer entrega en car\u00e1cter de dep\u00f3sito judicial de dicho rodado al Sola C\u00e9sar Carlos, en su car\u00e1cter de Presidente de la Asociaci\u00f3n de Bomberos Voluntarios de Pueblo General Belgrano, con sede en calle Entre R\u00edos 265, Pueblo General Belgrano, Entre R\u00edos, decomisado en la presente causa, hasta tanto se disponga definitivamente del mismo\u201d. La noticia se conoci\u00f3 a partir de las actuaciones caratuladas \u201cK,RF s\/Infracci\u00f3n Ley 23.737\u201d, sobre narcotr\u00e1fico.<\/p>\n\n\n\n<p>El resoluci\u00f3n, la magistrada consider\u00f3 que el mismo Tribunal, el 7 de agosto de 2021, decidi\u00f3 \u201cdecomisar\u201d el cami\u00f3n junto al celular y el dinero secuestrado en la causa, y requiri\u00f3 \u201cla anuencia del Copnaf, para en su caso, hacer entrega del veh\u00edculo conforme lo dispuesto en el considerando 3.3, con todas las formalidades de la ley\u201d.<\/p>\n\n\n\n<p>Rojas hizo lo propio con la \u201cresoluci\u00f3n N\u00b0 247\/2023 de fecha 3 octubre de 2023\u201d que \u201cdispuso hacer la entrega al Copnaf, la que no se hizo efectiva ya que se present\u00f3 Clarisa Sack, designada por la nueva gesti\u00f3n del gobierno a cargo de dicho organismo, manifestando su voluntad de desistir del cargo de depositario judicial del cami\u00f3n referenciado\u201d.<\/p>\n\n\n\n<p>La vocal tambi\u00e9n ponder\u00f3 que \u201cpreviamente se hab\u00eda recibido nota de la Asociaci\u00f3n de Bomberos de Pueblo General Belgrano, Entre R\u00edos, solicitando se le entregue el cami\u00f3n decomisado en estos actuados en car\u00e1cter de depositario judicial, haciendo saber que esa Instituci\u00f3n ha recibido en car\u00e1cter de donaci\u00f3n un tanque cisterna con capacidad de 9.000 litros por parte de una empresa local a efectos de poder integrarlo a un cami\u00f3n chasis y de esta manera, convertir la referida cisterna en una invaluable autobomba\u201d.<\/p>\n\n\n\n<p>As\u00ed, entendi\u00f3 que \u201cteniendo en consideraci\u00f3n que el beneficiario del decomiso, el Copnaf, rechaz\u00f3 el mismo y la tarea encomiable de servicio esencial a la comunidad que realiza el cuartel de Bomberos de Pueblo General Belgrano, corresponde rectificar lo dispuesto mediante resoluci\u00f3n N\u00b0 247\/2023, modificando el beneficiario del cami\u00f3n marca Mercedes Benz, modelo L 1215\/42, tipo chasis con cabina, dominio colocado THX-316 y entreg\u00e1rselo al presidente de la Asociaci\u00f3n de Bomberos\u201d.<\/p>\n\n\n\n<p>Sack es oriunda de la localidad de Larroque, en el Departamento Gualeguaych\u00fa, el mismo donde est\u00e1 ubicada la localidad de Puerto Belgrano, donde finalmente prestar\u00e1 sus servicios el cami\u00f3n Mercedez Benz.<\/p>\n\n\n\n<p>En la resoluci\u00f3n de la Justicia Federal no se explicitaron los motivos por los que la actual presidenta del Copnaf decidi\u00f3 rechazar el rodado ni c\u00f3mo se arrib\u00f3 a esa decisi\u00f3n. Sack a\u00fan espera que se oficialice su designaci\u00f3n al frente del organismo responsable de las y los menores entrerrianos.<\/p>\n","protected":false},"excerpt":{"rendered":"<p>La situaci&oacute;n se dio a conocer a trav&eacute;s de la sentencia del Tribunal Oral Federal de Concepci&oacute;n del Uruguay del 2 de julio. La actual gesti&oacute;n manifest&oacute; su voluntad de desistir del cargo de depositario judicial de un cami&oacute;n Mercedes Benz que se le otorg&oacute; en 2021. El 2 de julio, el Tribunal Oral Federal [&hellip;]<\/p>\n","protected":false},"author":2,"featured_media":1217,"comment_status":"open","ping_status":"open","sticky":false,"template":"","format":"standard","meta":{"footnotes":""},"categories":[90,4],"tags":[230,545,324,171,473,608],"class_list":["post-1216","post","type-post","status-publish","format-standard","has-post-thumbnail","hentry","category-judicial","category-provinciales","tag-bomberos","tag-camion","tag-concepcion-del-uruguay","tag-copnaf","tag-justicia-federal","tag-puerto-general-belgrano"],"_links":{"self":[{"href":"https:\/\/impactodenoticias.com.ar\/index.php?rest_route=\/wp\/v2\/posts\/1216","targetHints":{"allow":["GET"]}}],"collection":[{"href":"https:\/\/impactodenoticias.com.ar\/index.php?rest_route=\/wp\/v2\/posts"}],"about":[{"href":"https:\/\/impactodenoticias.com.ar\/index.php?rest_route=\/wp\/v2\/types\/post"}],"author":[{"embeddable":true,"href":"https:\/\/impactodenoticias.com.ar\/index.php?rest_route=\/wp\/v2\/users\/2"}],"replies":[{"embeddable":true,"href":"https:\/\/impactodenoticias.com.ar\/index.php?rest_route=%2Fwp%2Fv2%2Fcomments&post=1216"}],"version-history":[{"count":1,"href":"https:\/\/impactodenoticias.com.ar\/index.php?rest_route=\/wp\/v2\/posts\/1216\/revisions"}],"predecessor-version":[{"id":1218,"href":"https:\/\/impactodenoticias.com.ar\/index.php?rest_route=\/wp\/v2\/posts\/1216\/revisions\/1218"}],"wp:featuredmedia":[{"embeddable":true,"href":"https:\/\/impactodenoticias.com.ar\/index.php?rest_route=\/wp\/v2\/media\/1217"}],"wp:attachment":[{"href":"https:\/\/impactodenoticias.com.ar\/index.php?rest_route=%2Fwp%2Fv2%2Fmedia&parent=1216"}],"wp:term":[{"taxonomy":"category","embeddable":true,"href":"https:\/\/impactodenoticias.com.ar\/index.php?rest_route=%2Fwp%2Fv2%2Fcategories&post=1216"},{"taxonomy":"post_tag","embeddable":true,"href":"https:\/\/impactodenoticias.com.ar\/index.php?rest_route=%2Fwp%2Fv2%2Ftags&post=1216"}],"curies":[{"name":"wp","href":"https:\/\/api.w.org\/{rel}","templated":true}]}}