{"id":12184,"date":"2025-03-11T10:53:12","date_gmt":"2025-03-11T13:53:12","guid":{"rendered":"https:\/\/impactodenoticias.com.ar\/?p=12184"},"modified":"2025-03-12T12:21:53","modified_gmt":"2025-03-12T15:21:53","slug":"dirigente-de-la-ucr-objeto-la-candidatura-de-azcue-a-la-presidencia-del-partido-porque-no-cumpliria-con-la-carta-organica","status":"publish","type":"post","link":"https:\/\/impactodenoticias.com.ar\/?p=12184","title":{"rendered":"Dirigente de la UCR objet\u00f3 la candidatura de Azcu\u00e9 a la presidencia del partido porque no cumplir\u00eda con la Carta Org\u00e1nica"},"content":{"rendered":"\n<h2 class=\"wp-block-heading\">Alejandro Miguel Carb\u00f3, hist\u00f3rico dirigente radical, le envi\u00f3 una carta abierta \u201cal correligionario Gringo Azcu\u00e9\u201d, en la que le avis\u00f3 que \u201ccumpliendo los mandatos morales que mi formaci\u00f3n ha forjado, debo impugnar tu candidatura\u201d porque entendi\u00f3 que \u201cno reunir los requisitos de Carta Org\u00e1nica o doblarla a los intereses del caso es un pecado original\u201d.<\/h2>\n\n\n\n<p>Alejandro Miguel Carb\u00f3 le envi\u00f3 al intendente de Concordia, Francisco Azcu\u00e9, una misiva en la que le avisa que se opondr\u00e1 en la oportunidad a su candidatura como presidente de la Uni\u00f3n C\u00edvica Radical (UCR) de la provincia. Carb\u00f3 fue interventor de la UCR Concordia, gan\u00f3 las elecciones en 1997, defendi\u00f3 candidaturas y elecciones \u201cen todas las trincheras\u201d de la UCR en la provincia, \u201ccasi siempre en las malas, desde hace m\u00e1s de 54 a\u00f1os (en 1971 empec\u00e9 con Montiel en un viaje a Villaguay)\u201d, subray\u00f3 sobre su extensa trayectoria.<\/p>\n\n\n\n<p>Carb\u00f3 se\u00f1ala que Azcu\u00e9 no cumple con el requisito que la Carta Org\u00e1nica del partido prescribe en su art\u00edculo 26, cuando exige el cumplimiento de cuatro a\u00f1os ininterrumpidos de afiliado al partido. Le record\u00f3 que cuando fue integrante del Ministerio P\u00fablico Fiscal (MPF) de Concordia, debi\u00f3 renunciar a su afliaci\u00f3n.<\/p>\n\n\n\n<p class=\"has-medium-font-size\"><strong>La carta completa de Carb\u00f3 a Azcu\u00e9:<\/strong><\/p>\n\n\n\n<p><em>Creo Gringo, en el deber de avisarte, que cumpliendo los mandatos morales que mi formaci\u00f3n ha forjado, debo impugnar tu candidatura, dir\u00e1n los jueces cu\u00e1l es la raz\u00f3n legal que te asiste o no, a la pretensi\u00f3n, que a tu modo de ver es leg\u00edtima.-<\/em><\/p>\n\n\n\n<p><em>Tu carrera pol\u00edtica cuyos logros nos hacen optimistas, tu edad nos hace optimistas y tu aspiraci\u00f3n nos hace optimistas, mas\u2026 no reunir los requisitos de Carta Org\u00e1nica o doblarla a los intereses del caso <strong>ES UN PECADO ORIGINAL.<\/strong><\/em><\/p>\n\n\n\n<p><em>De p\u00fablico y notorio no cumples los cuatro a\u00f1os ininterrumpidos de afiliado a la UCR (seg\u00fan art\u00edculo 26 de la Carta Org\u00e1nica de la UCR), intentaste en el intervalo colaborar con la Justicia con el sano prop\u00f3sito y logro de precisamente hacerla m\u00e1s justa, luego retomaste el rumbo pol\u00edtico obteniendo nada m\u00e1s y nada menos que la intendencia de la ciudad entrerriana con m\u00e1s problemas, a los que seguramente est\u00e1s abocado ciento por ciento en lo que te corresponde, a solucionarlos.-<\/em><\/p>\n\n\n\n<p><em>Tu antig\u00fcedad no es continua, para ejercer la Fiscal\u00eda -de lo cual por lo que sabemos podemos orgullecernos- debiste renunciar al partido, de no ser as\u00ed todas tus intervenciones podr\u00edan sufrir la revisi\u00f3n por falta de imparcialidad.-<\/em><\/p>\n\n\n\n<p><em>Pero tambi\u00e9n hay m\u00e1s piedras en tu camino, la Presidencia de la UCR debe ser ejercida con AUTONOMIA de otros intereses, no puede ejercerse plenamente cuando el gobierno Provincial y Nacional sabe que tiene de rehenes a los concordienses, me pregunto \u00bf Cu\u00e1l ser\u00e1 el inter\u00e9s primordial tuyo, los vecinos de Concordia o los afiliados a la UCR? \u00bfU obedecer las necesidades del Gobierno?<\/em><\/p>\n\n\n\n<p><em>Es evidente la necesidad que tenemos de completar los mandatos, es decir que cumplas con Concordia, mira al otro Gringo Galimberti, interrumpiendo mandatos a conveniencia, siendo Intendente y Presidente del Partido, fue m\u00e1s Intendente que Presidente (Frigerio ministro mediante), luego cort\u00f3 la Intendencia para ser Diputado y luego cort\u00f3 diputado para ser empleado de la administraci\u00f3n LLA. De ninguna manera creo seas ese tipo de persona, pero te traigo el ejemplo que sirve para todos los candidatos que tienen mandato de sus pueblos y que pueden sentirse \u201capretados\u201d por el Gobierno Provincial o Nacional por Resoluciones que deben tomar como autoridad en nuestra UCR.<\/em><\/p>\n\n\n\n<p><em><strong>No solo oposici\u00f3n<\/strong><\/em><\/p>\n\n\n\n<p><em>Es claro que no somos pura oposici\u00f3n, tampoco somos el partido de la situaci\u00f3n, somos la UCR, si bien hay funcionarios de la UCR participando en el Gobierno, los que espero no gobiernen el partido, claramente existen en algunos asuntos intereses cruzados, ya hay renuncias incluso para no aportar lo debido al Partido, hay y habr\u00e1 malas disposiciones al criterio de la ideolog\u00eda radical para con los entrerrianos, a las cuales el partido debe oponerse, y habr\u00e1 las buenas en que se acompa\u00f1e, pero estas resoluciones deben ser el dictado libre de nuestra formaci\u00f3n en <strong>AUTONOMIA RADICAL.-<\/strong><\/em><\/p>\n\n\n\n<p><em>Tu candidatura , a cargos del partido, como los dem\u00e1s que sean funcionarios p\u00fablicos, huele mucho al deseo del Gobernador, y ese deseo es humillante, el sometimiento es deleznable, estamos desapareciendo Gringo, el foro de Intendentes Radicales no se ve ni se siente, lo mismo los Concejales, cuando alguien se destaca es de Juntos Por Entre R\u00edos (Alianza Electoral mediante) , pero si es del PRO se aclara siempre que es del PRO, de nuestros Diputados y Senadores igual, yo pregunt\u00e9 qui\u00e9n es el presidente del Bloque de Diputados de la UCR, NO HAY? Lo mismo en el Senado? Qu\u00e9 verg\u00fcenza.<\/em><\/p>\n\n\n\n<p><em><strong>Intenci\u00f3n<\/strong><\/em><\/p>\n\n\n\n<p><em>S\u00e9 que tu intenci\u00f3n es sanear todo esto, entre otras muchas m\u00e1s, pero el PECADO ORIGINAL denuncia otro rumbo, otro quehacer, te preguntar\u00e1s que autoridad tengo para decirte esto?, por ejemplo te digo: la de haber Intervenido Concordia y haber ganado las elecciones en Concordia en 1997, muchos a\u00f1os defendiendo candidaturas y elecciones en todas las trincheras de la UCR de Norte a Sur y de Este a Oeste, casi siempre en las malas, desde hace m\u00e1s de 54 a\u00f1os (en 1971 empec\u00e9 con Montiel en un viaje a Villaguay), aprendiendo todo del Gran profesor y Estadista, muchas veces recorr\u00ed la Provincia con \u00e9l , aprendiendo lo que significa en la pol\u00edtica el amor al pr\u00f3jimo, lo que te hace poner al pr\u00f3jimo por sobre tu persona, luego me equivoqu\u00e9 y me distancie de Sergio, en 1995 tuvimos el Fraude en Concordia, pelear contra esto nos llev\u00f3 salud y problemas, luego en 1997 lo que te cont\u00e9 m\u00e1s arriba de Concordia \u2013aprendimos- ; en 1999 defend\u00ed categ\u00f3ricamente nuestra elecci\u00f3n con un equipo desde la UCR, luego en 2001 defend\u00ed el Gobierno, como muchos m\u00e1s, contra la traici\u00f3n y no nos ca\u00edmos, esto y muchos hechos m\u00e1s para vos son solo historia, fui Secretario del Comit\u00e9 Nacional, Miembro del Comit\u00e9 Provincial varias veces, Congresal, Miembro de Comit\u00e9 de Seccional, Presidente del Plenario de Paran\u00e1, participe de Franja Morada, y muchos a\u00f1os Apoderado del Partido y de las Alianzas que forjamos.<\/em><\/p>\n\n\n\n<p><em>S\u00e9 que seguramente la presente no har\u00e1 mella en tu candidatura, pero es necesaria mi expresi\u00f3n, la que muchos comparten y la ver\u00e1n con pena, hoy te llam\u00e9 a las 11 de la ma\u00f1ana, para compartir esto, tienes tiempo correligionario, que se rompa pero que no se doble!<\/em><\/p>\n","protected":false},"excerpt":{"rendered":"<p>Alejandro Miguel Carb&oacute;, hist&oacute;rico dirigente radical, le envi&oacute; una carta abierta &ldquo;al correligionario Gringo Azcu&eacute;&rdquo;, en la que le avis&oacute; que &ldquo;cumpliendo los mandatos morales que mi formaci&oacute;n ha forjado, debo impugnar tu candidatura&rdquo; porque entendi&oacute; que &ldquo;no reunir los requisitos de Carta Org&aacute;nica o doblarla a los intereses del caso es un pecado original&rdquo;. [&hellip;]<\/p>\n","protected":false},"author":2,"featured_media":12185,"comment_status":"open","ping_status":"open","sticky":false,"template":"","format":"standard","meta":{"footnotes":""},"categories":[11,4],"tags":[4780,4781,40,4779,216],"class_list":["post-12184","post","type-post","status-publish","format-standard","has-post-thumbnail","hentry","category-politica","category-provinciales","tag-candidatura","tag-carta-organica","tag-francisco-azcue","tag-objeta","tag-ucr"],"_links":{"self":[{"href":"https:\/\/impactodenoticias.com.ar\/index.php?rest_route=\/wp\/v2\/posts\/12184","targetHints":{"allow":["GET"]}}],"collection":[{"href":"https:\/\/impactodenoticias.com.ar\/index.php?rest_route=\/wp\/v2\/posts"}],"about":[{"href":"https:\/\/impactodenoticias.com.ar\/index.php?rest_route=\/wp\/v2\/types\/post"}],"author":[{"embeddable":true,"href":"https:\/\/impactodenoticias.com.ar\/index.php?rest_route=\/wp\/v2\/users\/2"}],"replies":[{"embeddable":true,"href":"https:\/\/impactodenoticias.com.ar\/index.php?rest_route=%2Fwp%2Fv2%2Fcomments&post=12184"}],"version-history":[{"count":1,"href":"https:\/\/impactodenoticias.com.ar\/index.php?rest_route=\/wp\/v2\/posts\/12184\/revisions"}],"predecessor-version":[{"id":12186,"href":"https:\/\/impactodenoticias.com.ar\/index.php?rest_route=\/wp\/v2\/posts\/12184\/revisions\/12186"}],"wp:featuredmedia":[{"embeddable":true,"href":"https:\/\/impactodenoticias.com.ar\/index.php?rest_route=\/wp\/v2\/media\/12185"}],"wp:attachment":[{"href":"https:\/\/impactodenoticias.com.ar\/index.php?rest_route=%2Fwp%2Fv2%2Fmedia&parent=12184"}],"wp:term":[{"taxonomy":"category","embeddable":true,"href":"https:\/\/impactodenoticias.com.ar\/index.php?rest_route=%2Fwp%2Fv2%2Fcategories&post=12184"},{"taxonomy":"post_tag","embeddable":true,"href":"https:\/\/impactodenoticias.com.ar\/index.php?rest_route=%2Fwp%2Fv2%2Ftags&post=12184"}],"curies":[{"name":"wp","href":"https:\/\/api.w.org\/{rel}","templated":true}]}}