{"id":12191,"date":"2025-03-11T18:16:45","date_gmt":"2025-03-11T21:16:45","guid":{"rendered":"https:\/\/impactodenoticias.com.ar\/?p=12191"},"modified":"2025-03-11T18:16:45","modified_gmt":"2025-03-11T21:16:45","slug":"mujer-denuncio-a-su-hijo-por-apuntarle-con-un-arma-a-su-pareja","status":"publish","type":"post","link":"https:\/\/impactodenoticias.com.ar\/?p=12191","title":{"rendered":"Mujer denunci\u00f3 a su hijo por apuntarle con un arma a su pareja"},"content":{"rendered":"\n<h2 class=\"wp-block-heading\">La Polic\u00eda se llev\u00f3 detenidos al adolescente y a su abuela, quien era due\u00f1a del arma. Ocurri\u00f3 en Paran\u00e1<\/h2>\n\n\n\n<p>Una mujer radic\u00f3 una denuncia en Comisar\u00eda D\u00e9cima de Paran\u00e1, en la que indic\u00f3 que tras una discusi\u00f3n con su hijo de 16 a\u00f1os, el adolescente le exhibi\u00f3 un arma de fuego y amenaz\u00f3 con dispararle a su pareja.<\/p>\n\n\n\n<p>El personal de Investigaciones de la Departamental Paran\u00e1 llev\u00f3 adelante una investigaci\u00f3n y pudo establecer que el arma se encontraba en la casa de la abuela del menor. Poco despu\u00e9s se inform\u00f3 que era una r\u00e9plica de rev\u00f3lver.<\/p>\n\n\n\n<p>Informado al fiscal interviniente dispuso que fuera secuestrada y que tanto la abuela como el adolescente fuera trasladados a fiscal\u00eda para realizar una entrevista.<\/p>\n","protected":false},"excerpt":{"rendered":"<p>La Polic&iacute;a se llev&oacute; detenidos al adolescente y a su abuela, quien era due&ntilde;a del arma. Ocurri&oacute; en Paran&aacute; Una mujer radic&oacute; una denuncia en Comisar&iacute;a D&eacute;cima de Paran&aacute;, en la que indic&oacute; que tras una discusi&oacute;n con su hijo de 16 a&ntilde;os, el adolescente le exhibi&oacute; un arma de fuego y amenaz&oacute; con dispararle [&hellip;]<\/p>\n","protected":false},"author":2,"featured_media":12192,"comment_status":"open","ping_status":"open","sticky":false,"template":"","format":"standard","meta":{"footnotes":""},"categories":[3,8],"tags":[4174,564,4785,1108,2527,95,953],"class_list":["post-12191","post","type-post","status-publish","format-standard","has-post-thumbnail","hentry","category-locales","category-policiales","tag-abuela","tag-adolescente","tag-apunto","tag-arma","tag-mama-2","tag-parana","tag-pareja"],"_links":{"self":[{"href":"https:\/\/impactodenoticias.com.ar\/index.php?rest_route=\/wp\/v2\/posts\/12191","targetHints":{"allow":["GET"]}}],"collection":[{"href":"https:\/\/impactodenoticias.com.ar\/index.php?rest_route=\/wp\/v2\/posts"}],"about":[{"href":"https:\/\/impactodenoticias.com.ar\/index.php?rest_route=\/wp\/v2\/types\/post"}],"author":[{"embeddable":true,"href":"https:\/\/impactodenoticias.com.ar\/index.php?rest_route=\/wp\/v2\/users\/2"}],"replies":[{"embeddable":true,"href":"https:\/\/impactodenoticias.com.ar\/index.php?rest_route=%2Fwp%2Fv2%2Fcomments&post=12191"}],"version-history":[{"count":1,"href":"https:\/\/impactodenoticias.com.ar\/index.php?rest_route=\/wp\/v2\/posts\/12191\/revisions"}],"predecessor-version":[{"id":12193,"href":"https:\/\/impactodenoticias.com.ar\/index.php?rest_route=\/wp\/v2\/posts\/12191\/revisions\/12193"}],"wp:featuredmedia":[{"embeddable":true,"href":"https:\/\/impactodenoticias.com.ar\/index.php?rest_route=\/wp\/v2\/media\/12192"}],"wp:attachment":[{"href":"https:\/\/impactodenoticias.com.ar\/index.php?rest_route=%2Fwp%2Fv2%2Fmedia&parent=12191"}],"wp:term":[{"taxonomy":"category","embeddable":true,"href":"https:\/\/impactodenoticias.com.ar\/index.php?rest_route=%2Fwp%2Fv2%2Fcategories&post=12191"},{"taxonomy":"post_tag","embeddable":true,"href":"https:\/\/impactodenoticias.com.ar\/index.php?rest_route=%2Fwp%2Fv2%2Ftags&post=12191"}],"curies":[{"name":"wp","href":"https:\/\/api.w.org\/{rel}","templated":true}]}}