{"id":12194,"date":"2025-03-11T18:25:43","date_gmt":"2025-03-11T21:25:43","guid":{"rendered":"https:\/\/impactodenoticias.com.ar\/?p=12194"},"modified":"2025-03-11T18:25:48","modified_gmt":"2025-03-11T21:25:48","slug":"asesinaron-a-un-hombre-en-concordia","status":"publish","type":"post","link":"https:\/\/impactodenoticias.com.ar\/?p=12194","title":{"rendered":"Asesinaron a un hombre en Concordia"},"content":{"rendered":"\n<h2 class=\"wp-block-heading\">La v\u00edctima fatal de 40 a\u00f1os hab\u00eda ten\u00eda graves lesiones. El hecho se registr\u00f3 el 24 de febrero en el barrio Jos\u00e9 Hern\u00e1ndez. El autor fue identificado y arrestado por la Polic\u00eda.<\/h2>\n\n\n\n<p>Con este, se registr\u00f3 el quinto homicidio en la ciudad de Concordia, en los primeros 70 d\u00edas del a\u00f1o. A pesar que ninguno de los cr\u00edmenes fue en ocasi\u00f3n de robo, la concatenaci\u00f3n de hechos muestra el aumento notorio de violencia en los barrios.<\/p>\n\n\n\n<p>En las \u00faltimas horas se inform\u00f3 p\u00fablicamente el deceso de Daniel Guillermo Andr\u00e9s Gonz\u00e1lez, un hombre de 40 a\u00f1os que hab\u00eda sido golpeado en la cabeza con una piedra durante un problema barrial, aparentemente vinculado al mundo de de las drogas.<\/p>\n\n\n\n<p>La muerte de Gonz\u00e1lez se produjo el s\u00e1bado en el hospital Delicia Masvernat, pero la polic\u00eda lo inform\u00f3 reci\u00e9n este martes. La v\u00edctima fatal de 40 a\u00f1os hab\u00eda ingresado al nosocomio el lunes 24 de febrero, con fractura de cr\u00e1neo tras recibir un piedrazo.<\/p>\n\n\n\n<p>El grave hecho sucedi\u00f3 en el barrio Jos\u00e9 Hern\u00e1ndez, en calle Ram\u00edrez y Nieves. Seg\u00fan la pesquisa, la v\u00edctima fue atacada por integrantes del conocido clan narco de la familia Bonazzola. Siempre seg\u00fan el relato de los investigadores, en el marco de ese conflicto Nicol\u00e1s Gonz\u00e1lez habr\u00eda efectuado un piedrazo que impact\u00f3 en la cabeza de la v\u00edctima, provoc\u00e1ndole la grave lesi\u00f3n, que luego ocasion\u00f3 su muerte.<\/p>\n\n\n\n<p>Tras ese episodio, el sospechoso de efectuar el piedrazo fue arrestado el mi\u00e9rcoles 26 de febrero, ya que sobre \u00e9l reca\u00eda un pedido de captura emitido desde el Juzgado de Garant\u00edas. Posteriormente, recibi\u00f3 la prisi\u00f3n preventiva, que actualmente se encuentra cumpliendo.<\/p>\n\n\n\n<p>Luego del deceso de Gonz\u00e1lez, la polic\u00eda realiz\u00f3 una serie de allanamientos en el barrio Las Tablitas, ya que los familiares del fallecido habr\u00edan amenazado al v\u00ednculo cercano del ahora presunto asesino.<\/p>\n\n\n\n<p>Los operativos policiales se llevaron a cabo en viviendas utilizadas como b\u00fanker para el armado y acopio de estupefacientes, donde se lograron secuestrar elementos de inter\u00e9s para la causa, un arma de fuego, adem\u00e1s de cartuchos de diversos calibres.<\/p>\n","protected":false},"excerpt":{"rendered":"<p>La v&iacute;ctima fatal de 40 a&ntilde;os hab&iacute;a ten&iacute;a graves lesiones. El hecho se registr&oacute; el 24 de febrero en el barrio Jos&eacute; Hern&aacute;ndez. El autor fue identificado y arrestado por la Polic&iacute;a. Con este, se registr&oacute; el quinto homicidio en la ciudad de Concordia, en los primeros 70 d&iacute;as del a&ntilde;o. A pesar que ninguno [&hellip;]<\/p>\n","protected":false},"author":2,"featured_media":12195,"comment_status":"open","ping_status":"open","sticky":false,"template":"","format":"standard","meta":{"footnotes":""},"categories":[8,4],"tags":[1145,72,4788,355,4630,4787],"class_list":["post-12194","post","type-post","status-publish","format-standard","has-post-thumbnail","hentry","category-policiales","category-provinciales","tag-barrio","tag-concordia","tag-daniel-guillermo-andres-gonzalez","tag-homicidio","tag-jose-hernandez","tag-quinto"],"_links":{"self":[{"href":"https:\/\/impactodenoticias.com.ar\/index.php?rest_route=\/wp\/v2\/posts\/12194","targetHints":{"allow":["GET"]}}],"collection":[{"href":"https:\/\/impactodenoticias.com.ar\/index.php?rest_route=\/wp\/v2\/posts"}],"about":[{"href":"https:\/\/impactodenoticias.com.ar\/index.php?rest_route=\/wp\/v2\/types\/post"}],"author":[{"embeddable":true,"href":"https:\/\/impactodenoticias.com.ar\/index.php?rest_route=\/wp\/v2\/users\/2"}],"replies":[{"embeddable":true,"href":"https:\/\/impactodenoticias.com.ar\/index.php?rest_route=%2Fwp%2Fv2%2Fcomments&post=12194"}],"version-history":[{"count":1,"href":"https:\/\/impactodenoticias.com.ar\/index.php?rest_route=\/wp\/v2\/posts\/12194\/revisions"}],"predecessor-version":[{"id":12196,"href":"https:\/\/impactodenoticias.com.ar\/index.php?rest_route=\/wp\/v2\/posts\/12194\/revisions\/12196"}],"wp:featuredmedia":[{"embeddable":true,"href":"https:\/\/impactodenoticias.com.ar\/index.php?rest_route=\/wp\/v2\/media\/12195"}],"wp:attachment":[{"href":"https:\/\/impactodenoticias.com.ar\/index.php?rest_route=%2Fwp%2Fv2%2Fmedia&parent=12194"}],"wp:term":[{"taxonomy":"category","embeddable":true,"href":"https:\/\/impactodenoticias.com.ar\/index.php?rest_route=%2Fwp%2Fv2%2Fcategories&post=12194"},{"taxonomy":"post_tag","embeddable":true,"href":"https:\/\/impactodenoticias.com.ar\/index.php?rest_route=%2Fwp%2Fv2%2Ftags&post=12194"}],"curies":[{"name":"wp","href":"https:\/\/api.w.org\/{rel}","templated":true}]}}