{"id":12214,"date":"2025-03-12T12:13:40","date_gmt":"2025-03-12T15:13:40","guid":{"rendered":"https:\/\/impactodenoticias.com.ar\/?p=12214"},"modified":"2025-03-12T12:13:41","modified_gmt":"2025-03-12T15:13:41","slug":"dos-malvivientes-ingresaron-con-fines-de-robo-a-una-casa-desabitada","status":"publish","type":"post","link":"https:\/\/impactodenoticias.com.ar\/?p=12214","title":{"rendered":"Dos malvivientes ingresaron con fines de robo a una casa desabitada"},"content":{"rendered":"\n<h2 class=\"wp-block-heading\">Efectivos de la Guardia Especial constataron que los delincuentes hab\u00edan ingresado a la vivienda en Paran\u00e1 y hab\u00edan robado y da\u00f1ado varios elementos.<\/h2>\n\n\n\n<p>En horas de la noche de este martes, el personal policial de la Guardia Especial en Paran\u00e1, dependiente de la Jefatura Departamental Paran\u00e1, recibi\u00f3 un llamado desde la Divisi\u00f3n 911, informando que varios transe\u00fantes observaron a tres delincuentes ingresando al patio de un domicilio ubicado entre Crespo y Longo.<\/p>\n\n\n\n<p>Al llegar al lugar, los agentes observaron a dos hombres saltando las rejas del patio en un intento por darse a la fuga, siendo arrestados en el momento. Durante la inspecci\u00f3n, se encontr\u00f3 un bacha lavamanos de color blanco descartado en el interior.<\/p>\n\n\n\n<p>Se observ\u00f3 adem\u00e1s que la puerta de ingreso al domicilio presentaba signos de haber sido forzada, con la persiana y la puerta barreteadas y rotas. Adem\u00e1s, se verific\u00f3 que el inmueble estaba deshabitado y hab\u00eda sufrido da\u00f1os por la falta de elementos del ba\u00f1o, as\u00ed como un termotanque que hab\u00eda sido retirado de su lugar.<\/p>\n\n\n\n<p>Un tercer malviviente fue visto cruzando el \u00e1rea. Tras ser informada la Polic\u00eda por los vecinos que tambi\u00e9n hab\u00eda ingresado al domicilio, fue detenido. En su mochila se encontraron cables el\u00e9ctricos, un regulador de gas y un ca\u00f1o de gas.<\/p>\n\n\n\n<p>La fiscal de Menores fue notificada y dispuso el traslado del \u00faltimo detenido a la Divisi\u00f3n Minoridad. Los dos sujetos mayores de edad fueron identificados; uno de ellos, de 28 a\u00f1os, qued\u00f3 alojado en alcaid\u00eda por el delito de Tentativa de Robo en Flagrancia, mientras que el otro, de 27 a\u00f1os, fue correctamente identificado y qued\u00f3 supeditado a la causa junto con los elementos secuestrados.<\/p>\n","protected":false},"excerpt":{"rendered":"<p>Efectivos de la Guardia Especial constataron que los delincuentes hab&iacute;an ingresado a la vivienda en Paran&aacute; y hab&iacute;an robado y da&ntilde;ado varios elementos. En horas de la noche de este martes, el personal policial de la Guardia Especial en Paran&aacute;, dependiente de la Jefatura Departamental Paran&aacute;, recibi&oacute; un llamado desde la Divisi&oacute;n 911, informando que [&hellip;]<\/p>\n","protected":false},"author":2,"featured_media":12215,"comment_status":"open","ping_status":"open","sticky":false,"template":"","format":"standard","meta":{"footnotes":""},"categories":[3,8],"tags":[4796,138,2970,1157,95,366],"class_list":["post-12214","post","type-post","status-publish","format-standard","has-post-thumbnail","hentry","category-locales","category-policiales","tag-desabitada","tag-detenidos","tag-ingreso","tag-jovenes-2","tag-parana","tag-vivienda"],"_links":{"self":[{"href":"https:\/\/impactodenoticias.com.ar\/index.php?rest_route=\/wp\/v2\/posts\/12214","targetHints":{"allow":["GET"]}}],"collection":[{"href":"https:\/\/impactodenoticias.com.ar\/index.php?rest_route=\/wp\/v2\/posts"}],"about":[{"href":"https:\/\/impactodenoticias.com.ar\/index.php?rest_route=\/wp\/v2\/types\/post"}],"author":[{"embeddable":true,"href":"https:\/\/impactodenoticias.com.ar\/index.php?rest_route=\/wp\/v2\/users\/2"}],"replies":[{"embeddable":true,"href":"https:\/\/impactodenoticias.com.ar\/index.php?rest_route=%2Fwp%2Fv2%2Fcomments&post=12214"}],"version-history":[{"count":1,"href":"https:\/\/impactodenoticias.com.ar\/index.php?rest_route=\/wp\/v2\/posts\/12214\/revisions"}],"predecessor-version":[{"id":12216,"href":"https:\/\/impactodenoticias.com.ar\/index.php?rest_route=\/wp\/v2\/posts\/12214\/revisions\/12216"}],"wp:featuredmedia":[{"embeddable":true,"href":"https:\/\/impactodenoticias.com.ar\/index.php?rest_route=\/wp\/v2\/media\/12215"}],"wp:attachment":[{"href":"https:\/\/impactodenoticias.com.ar\/index.php?rest_route=%2Fwp%2Fv2%2Fmedia&parent=12214"}],"wp:term":[{"taxonomy":"category","embeddable":true,"href":"https:\/\/impactodenoticias.com.ar\/index.php?rest_route=%2Fwp%2Fv2%2Fcategories&post=12214"},{"taxonomy":"post_tag","embeddable":true,"href":"https:\/\/impactodenoticias.com.ar\/index.php?rest_route=%2Fwp%2Fv2%2Ftags&post=12214"}],"curies":[{"name":"wp","href":"https:\/\/api.w.org\/{rel}","templated":true}]}}