{"id":1224,"date":"2024-07-17T10:23:51","date_gmt":"2024-07-17T13:23:51","guid":{"rendered":"https:\/\/impactodenoticias.com.ar\/?p=1224"},"modified":"2024-07-17T10:23:52","modified_gmt":"2024-07-17T13:23:52","slug":"parana-trato-de-huir-de-un-control-no-le-arranco-la-moto-y-quedo-detenido","status":"publish","type":"post","link":"https:\/\/impactodenoticias.com.ar\/?p=1224","title":{"rendered":"Paran\u00e1: trat\u00f3 de huir de un control no le arranc\u00f3 la moto y qued\u00f3 detenido"},"content":{"rendered":"\n<h3 class=\"wp-block-heading\">Un conductor del motoveh\u00edculo intent\u00f3 huir en un control policial en pleno Parque Urquiza y termin\u00f3 demorado por \u00abResistencia a la Autoridad\u00bb.<\/h3>\n\n\n\n<p>Un joven de Paran\u00e1 fue demorado por la Polic\u00eda de Entre R\u00edos en medio de un control. El sujeto hab\u00eda intentado huir pero su moto no arranc\u00f3 y fue atrapado por los efectivos. El hecho se produjo este martes en la zona del Parque Urquiza, en calle Acuerdo de San Nicol\u00e1s y Etchevere.<\/p>\n\n\n\n<p><\/p>\n\n\n\n<figure class=\"wp-block-image size-full\"><img loading=\"lazy\" decoding=\"async\" width=\"784\" height=\"321\" src=\"https:\/\/impactodenoticias.com.ar\/wp-content\/uploads\/2024\/07\/scrnli_17_7_2024_10-17-50.png\" alt=\"\" class=\"wp-image-1225\" srcset=\"https:\/\/impactodenoticias.com.ar\/wp-content\/uploads\/2024\/07\/scrnli_17_7_2024_10-17-50.png 784w, https:\/\/impactodenoticias.com.ar\/wp-content\/uploads\/2024\/07\/scrnli_17_7_2024_10-17-50-300x123.png 300w, https:\/\/impactodenoticias.com.ar\/wp-content\/uploads\/2024\/07\/scrnli_17_7_2024_10-17-50-768x314.png 768w\" sizes=\"auto, (max-width: 784px) 100vw, 784px\" \/><\/figure>\n\n\n\n<p><\/p>\n\n\n\n<p>Seg\u00fan se inform\u00f3 a <strong>IMPACTO DE NOTICIAS<\/strong>, el motociclista \u201cno pose\u00eda la documentaci\u00f3n para circular\u201d. Cuando los efectivos se dispon\u00edan a retener su moto Kegway 150 cc., observaron que el joven se subi\u00f3 r\u00e1pidamente para darse a la fuga e intent\u00f3 infructuosamente darle arranque, situaci\u00f3n que no logr\u00f3.<\/p>\n\n\n\n<p>Informaron el fiscal en turno, quien dispuso que se le realizara una correcta identificaci\u00f3n y quedara supeditado a la causa por \u201cResistencia a la autoridad\u201d. Finalmente, el veh\u00edculo fue retenido.<\/p>\n","protected":false},"excerpt":{"rendered":"<p>Un conductor del motoveh&iacute;culo intent&oacute; huir en un control policial en pleno Parque Urquiza y termin&oacute; demorado por &laquo;Resistencia a la Autoridad&raquo;. Un joven de Paran&aacute; fue demorado por la Polic&iacute;a de Entre R&iacute;os en medio de un control. El sujeto hab&iacute;a intentado huir pero su moto no arranc&oacute; y fue atrapado por los efectivos. [&hellip;]<\/p>\n","protected":false},"author":2,"featured_media":1226,"comment_status":"open","ping_status":"open","sticky":false,"template":"","format":"standard","meta":{"footnotes":""},"categories":[3,8],"tags":[609,175,95,610],"class_list":["post-1224","post","type-post","status-publish","format-standard","has-post-thumbnail","hentry","category-locales","category-policiales","tag-control","tag-detenido","tag-parana","tag-policial"],"_links":{"self":[{"href":"https:\/\/impactodenoticias.com.ar\/index.php?rest_route=\/wp\/v2\/posts\/1224","targetHints":{"allow":["GET"]}}],"collection":[{"href":"https:\/\/impactodenoticias.com.ar\/index.php?rest_route=\/wp\/v2\/posts"}],"about":[{"href":"https:\/\/impactodenoticias.com.ar\/index.php?rest_route=\/wp\/v2\/types\/post"}],"author":[{"embeddable":true,"href":"https:\/\/impactodenoticias.com.ar\/index.php?rest_route=\/wp\/v2\/users\/2"}],"replies":[{"embeddable":true,"href":"https:\/\/impactodenoticias.com.ar\/index.php?rest_route=%2Fwp%2Fv2%2Fcomments&post=1224"}],"version-history":[{"count":1,"href":"https:\/\/impactodenoticias.com.ar\/index.php?rest_route=\/wp\/v2\/posts\/1224\/revisions"}],"predecessor-version":[{"id":1227,"href":"https:\/\/impactodenoticias.com.ar\/index.php?rest_route=\/wp\/v2\/posts\/1224\/revisions\/1227"}],"wp:featuredmedia":[{"embeddable":true,"href":"https:\/\/impactodenoticias.com.ar\/index.php?rest_route=\/wp\/v2\/media\/1226"}],"wp:attachment":[{"href":"https:\/\/impactodenoticias.com.ar\/index.php?rest_route=%2Fwp%2Fv2%2Fmedia&parent=1224"}],"wp:term":[{"taxonomy":"category","embeddable":true,"href":"https:\/\/impactodenoticias.com.ar\/index.php?rest_route=%2Fwp%2Fv2%2Fcategories&post=1224"},{"taxonomy":"post_tag","embeddable":true,"href":"https:\/\/impactodenoticias.com.ar\/index.php?rest_route=%2Fwp%2Fv2%2Ftags&post=1224"}],"curies":[{"name":"wp","href":"https:\/\/api.w.org\/{rel}","templated":true}]}}