{"id":12243,"date":"2025-03-13T12:32:57","date_gmt":"2025-03-13T15:32:57","guid":{"rendered":"https:\/\/impactodenoticias.com.ar\/?p=12243"},"modified":"2025-03-14T11:14:30","modified_gmt":"2025-03-14T14:14:30","slug":"la-brigada-de-proteccion-civil-de-parana-se-suma-a-las-tareas-de-rescate-tras-el-impactante-temporal-en-bahia-blanca","status":"publish","type":"post","link":"https:\/\/impactodenoticias.com.ar\/?p=12243","title":{"rendered":"La Brigada de Protecci\u00f3n Civil de Paran\u00e1 se suma a las tareas de rescate tras el impactante temporal en Bah\u00eda Blanca"},"content":{"rendered":"\n<h2 class=\"wp-block-heading\">Un grupo de trabajadores de la Direcci\u00f3n de Protecci\u00f3n Civil de la Municipalidad de Paran\u00e1, sali\u00f3 este jueves hacia Bah\u00eda Blanca para colaborar en las tareas de b\u00fasqueda y rescate de personas desaparecidas y damnificadas por el impactante temporal que caus\u00f3 una cat\u00e1strofe en Bah\u00eda Blanca hace 6 d\u00edas.<\/h2>\n\n\n\n<p>El director del organismo municipal paranaense, Lucas Garc\u00eda, junto con dos operadores de emergencia y un guardavidas part\u00edan este jueves alrededor de las 9 de la ma\u00f1ana en una camioneta 4\u00d74 desde la Municipalidad. Llevan drones de largo alcance para aportar a los operativos de b\u00fasqueda y rescate de los vecinos que aun no lograron ser encontrados por sus familias tras el temporal.<\/p>\n\n\n\n<p>Se estima que la brigada, arribar\u00e1 en unas 12 horas a un escenario con calles inundadas, casas y edificios destruidos, cientos de evacuados, personas todav\u00eda desaparecidas y un total hasta el momento de 16 fallecidos de acuerdo a los relevamientos oficiales.<\/p>\n\n\n\n<p><\/p>\n\n\n\n<figure class=\"wp-block-image size-full\"><img loading=\"lazy\" decoding=\"async\" width=\"696\" height=\"392\" src=\"https:\/\/impactodenoticias.com.ar\/wp-content\/uploads\/2025\/03\/proteccion-civil.webp\" alt=\"\" class=\"wp-image-12244\" srcset=\"https:\/\/impactodenoticias.com.ar\/wp-content\/uploads\/2025\/03\/proteccion-civil.webp 696w, https:\/\/impactodenoticias.com.ar\/wp-content\/uploads\/2025\/03\/proteccion-civil-300x169.webp 300w\" sizes=\"auto, (max-width: 696px) 100vw, 696px\" \/><\/figure>\n\n\n\n<p><\/p>\n\n\n\n<p>La participaci\u00f3n del personal municipal paranaense se lleva adelante con autorizaci\u00f3n de la intendenta Rosario Romero. El plan es que la comitiva est\u00e9 cuatro d\u00edas trabajando en Bah\u00eda Blanca. Estar\u00eda de regreso en la capital entrerriana el domingo. Se sumar\u00e1 a las tareas de asistencia en general que est\u00e1 efectuando el Comit\u00e9 de Crisis en la ciudad y en particular a la b\u00fasqueda de personas desaparecidas.<\/p>\n","protected":false},"excerpt":{"rendered":"<p>Un grupo de trabajadores de la Direcci&oacute;n de Protecci&oacute;n Civil de la Municipalidad de Paran&aacute;, sali&oacute; este jueves hacia Bah&iacute;a Blanca para colaborar en las tareas de b&uacute;squeda y rescate de personas desaparecidas y damnificadas por el impactante temporal que caus&oacute; una cat&aacute;strofe en Bah&iacute;a Blanca hace 6 d&iacute;as. El director del organismo municipal paranaense, [&hellip;]<\/p>\n","protected":false},"author":2,"featured_media":12245,"comment_status":"open","ping_status":"open","sticky":false,"template":"","format":"standard","meta":{"footnotes":""},"categories":[4,49],"tags":[1567,3388,95,4809,161],"class_list":["post-12243","post","type-post","status-publish","format-standard","has-post-thumbnail","hentry","category-provinciales","category-sociedad","tag-bahia-blanca","tag-brigada","tag-parana","tag-proteccion-civil","tag-rosario-romero"],"_links":{"self":[{"href":"https:\/\/impactodenoticias.com.ar\/index.php?rest_route=\/wp\/v2\/posts\/12243","targetHints":{"allow":["GET"]}}],"collection":[{"href":"https:\/\/impactodenoticias.com.ar\/index.php?rest_route=\/wp\/v2\/posts"}],"about":[{"href":"https:\/\/impactodenoticias.com.ar\/index.php?rest_route=\/wp\/v2\/types\/post"}],"author":[{"embeddable":true,"href":"https:\/\/impactodenoticias.com.ar\/index.php?rest_route=\/wp\/v2\/users\/2"}],"replies":[{"embeddable":true,"href":"https:\/\/impactodenoticias.com.ar\/index.php?rest_route=%2Fwp%2Fv2%2Fcomments&post=12243"}],"version-history":[{"count":1,"href":"https:\/\/impactodenoticias.com.ar\/index.php?rest_route=\/wp\/v2\/posts\/12243\/revisions"}],"predecessor-version":[{"id":12246,"href":"https:\/\/impactodenoticias.com.ar\/index.php?rest_route=\/wp\/v2\/posts\/12243\/revisions\/12246"}],"wp:featuredmedia":[{"embeddable":true,"href":"https:\/\/impactodenoticias.com.ar\/index.php?rest_route=\/wp\/v2\/media\/12245"}],"wp:attachment":[{"href":"https:\/\/impactodenoticias.com.ar\/index.php?rest_route=%2Fwp%2Fv2%2Fmedia&parent=12243"}],"wp:term":[{"taxonomy":"category","embeddable":true,"href":"https:\/\/impactodenoticias.com.ar\/index.php?rest_route=%2Fwp%2Fv2%2Fcategories&post=12243"},{"taxonomy":"post_tag","embeddable":true,"href":"https:\/\/impactodenoticias.com.ar\/index.php?rest_route=%2Fwp%2Fv2%2Ftags&post=12243"}],"curies":[{"name":"wp","href":"https:\/\/api.w.org\/{rel}","templated":true}]}}