{"id":12270,"date":"2025-03-14T10:08:47","date_gmt":"2025-03-14T13:08:47","guid":{"rendered":"https:\/\/impactodenoticias.com.ar\/?p=12270"},"modified":"2025-03-14T10:08:48","modified_gmt":"2025-03-14T13:08:48","slug":"un-violento-agredio-a-su-pareja-en-parana-y-fue-arrestado","status":"publish","type":"post","link":"https:\/\/impactodenoticias.com.ar\/?p=12270","title":{"rendered":"Un violento agredi\u00f3 a su pareja en Paran\u00e1 y fue arrestado"},"content":{"rendered":"\n<p class=\"has-medium-font-size\"><strong>Una mujer denunci\u00f3 a su pareja barrio Corrales tras haber padecido una agresi\u00f3n. El joven, totalmente borracho, fue detenido por violencia de g\u00e9nero.<\/strong><\/p>\n\n\n\n<p>Una mujer domiciliada en el barrio Corrales de Paran\u00e1 llam\u00f3 a la Polic\u00eda en horas de la madrugada de este viernes porque su pareja la hab\u00eda agredido f\u00edsicamente y adem\u00e1s tem\u00eda por la integridad de su hija de 11 meses.<\/p>\n\n\n\n<p>Personal de Comisaria Tercera fue hasta el domicilio, ubicado en calle Pedro de Mendoza, y una vez all\u00ed, localizan al joven acusado, de 22 a\u00f1os, que se encontraba en estado de ebriedad y fue r\u00e1pidamente demorado.<\/p>\n\n\n\n<p>Por disposici\u00f3n de la Fiscal\u00eda fue trasladado en calidad de detenido a la Alcaid\u00eda de Tribunales por violencia de g\u00e9nero.<\/p>\n","protected":false},"excerpt":{"rendered":"<p>Una mujer denunci&oacute; a su pareja barrio Corrales tras haber padecido una agresi&oacute;n. El joven, totalmente borracho, fue detenido por violencia de g&eacute;nero. Una mujer domiciliada en el barrio Corrales de Paran&aacute; llam&oacute; a la Polic&iacute;a en horas de la madrugada de este viernes porque su pareja la hab&iacute;a agredido f&iacute;sicamente y adem&aacute;s tem&iacute;a por [&hellip;]<\/p>\n","protected":false},"author":2,"featured_media":12271,"comment_status":"open","ping_status":"open","sticky":false,"template":"","format":"standard","meta":{"footnotes":""},"categories":[3,8],"tags":[1145,4818,175,1551,146,95,953],"class_list":["post-12270","post","type-post","status-publish","format-standard","has-post-thumbnail","hentry","category-locales","category-policiales","tag-barrio","tag-corrales","tag-detenido","tag-golpes","tag-hombre","tag-parana","tag-pareja"],"_links":{"self":[{"href":"https:\/\/impactodenoticias.com.ar\/index.php?rest_route=\/wp\/v2\/posts\/12270","targetHints":{"allow":["GET"]}}],"collection":[{"href":"https:\/\/impactodenoticias.com.ar\/index.php?rest_route=\/wp\/v2\/posts"}],"about":[{"href":"https:\/\/impactodenoticias.com.ar\/index.php?rest_route=\/wp\/v2\/types\/post"}],"author":[{"embeddable":true,"href":"https:\/\/impactodenoticias.com.ar\/index.php?rest_route=\/wp\/v2\/users\/2"}],"replies":[{"embeddable":true,"href":"https:\/\/impactodenoticias.com.ar\/index.php?rest_route=%2Fwp%2Fv2%2Fcomments&post=12270"}],"version-history":[{"count":1,"href":"https:\/\/impactodenoticias.com.ar\/index.php?rest_route=\/wp\/v2\/posts\/12270\/revisions"}],"predecessor-version":[{"id":12272,"href":"https:\/\/impactodenoticias.com.ar\/index.php?rest_route=\/wp\/v2\/posts\/12270\/revisions\/12272"}],"wp:featuredmedia":[{"embeddable":true,"href":"https:\/\/impactodenoticias.com.ar\/index.php?rest_route=\/wp\/v2\/media\/12271"}],"wp:attachment":[{"href":"https:\/\/impactodenoticias.com.ar\/index.php?rest_route=%2Fwp%2Fv2%2Fmedia&parent=12270"}],"wp:term":[{"taxonomy":"category","embeddable":true,"href":"https:\/\/impactodenoticias.com.ar\/index.php?rest_route=%2Fwp%2Fv2%2Fcategories&post=12270"},{"taxonomy":"post_tag","embeddable":true,"href":"https:\/\/impactodenoticias.com.ar\/index.php?rest_route=%2Fwp%2Fv2%2Ftags&post=12270"}],"curies":[{"name":"wp","href":"https:\/\/api.w.org\/{rel}","templated":true}]}}