{"id":12273,"date":"2025-03-14T10:15:50","date_gmt":"2025-03-14T13:15:50","guid":{"rendered":"https:\/\/impactodenoticias.com.ar\/?p=12273"},"modified":"2025-03-14T10:15:50","modified_gmt":"2025-03-14T13:15:50","slug":"entrego-a-su-hijo-a-la-policia-luego-que-este-vendiera-una-moto-robada","status":"publish","type":"post","link":"https:\/\/impactodenoticias.com.ar\/?p=12273","title":{"rendered":"Entreg\u00f3 a su hijo a la Polic\u00eda luego que \u00e9ste vendiera una moto robada"},"content":{"rendered":"\n<h2 class=\"wp-block-heading\">Una vecina de Paran\u00e1 entreg\u00f3 a su hijo, quien hab\u00eda vendido una moto robada y adem\u00e1s ten\u00eda restricciones de acercamiento hacia ella. Por Una vez en la vivienda, la Polic\u00eda detuvo al malviviente y fue puesto a disposici\u00f3n de la Justicia.<\/h2>\n\n\n\n<p>Seg\u00fan se inform\u00f3 a <strong>IMPACTO DE NOTICIAS<\/strong>, en horas de la noche de este jueves, personal de Comisar\u00eda Novena se traslad\u00f3 hasta calles 1.008 y 1.309, ya que se hab\u00eda informado por un episodio familiar. Una vez en el lugar, los efectivos dialogaron con una mujer que les indic\u00f3 que el problema era con su hijo, de 26 a\u00f1os.<\/p>\n\n\n\n<p>Seg\u00fan el reporte policial, la madre les se\u00f1al\u00f3 que su hijo \u201chab\u00eda vendido una moto robada y tuvo problemas con los compradores\u201d. Adem\u00e1s, precis\u00f3 que el joven \u201ctiene restricciones de acercamiento vigentes\u201d, por lo que no puede estar en el lugar.<\/p>\n\n\n\n<p><\/p>\n\n\n\n<figure class=\"wp-block-image size-full\"><img loading=\"lazy\" decoding=\"async\" width=\"696\" height=\"269\" src=\"https:\/\/impactodenoticias.com.ar\/wp-content\/uploads\/2025\/03\/image-11-18.webp\" alt=\"\" class=\"wp-image-12274\" srcset=\"https:\/\/impactodenoticias.com.ar\/wp-content\/uploads\/2025\/03\/image-11-18.webp 696w, https:\/\/impactodenoticias.com.ar\/wp-content\/uploads\/2025\/03\/image-11-18-300x116.webp 300w\" sizes=\"auto, (max-width: 696px) 100vw, 696px\" \/><\/figure>\n\n\n\n<p><\/p>\n\n\n\n<p>Con la autorizaci\u00f3n de la mujer, los uniformados ingresaron al domicilio y demoraron al sujeto. Tras informar de la situaci\u00f3n al fiscal en turno, se dispuso la detenci\u00f3n del joven y que fuera trasladado a la Alcaid\u00eda de Tribunales por desobediencia judicial. Adem\u00e1s se secuestr\u00f3 un elemento tipo cuchillo que ten\u00eda entre sus prendas.<\/p>\n","protected":false},"excerpt":{"rendered":"<p>Una vecina de Paran&aacute; entreg&oacute; a su hijo, quien hab&iacute;a vendido una moto robada y adem&aacute;s ten&iacute;a restricciones de acercamiento hacia ella. Por Una vez en la vivienda, la Polic&iacute;a detuvo al malviviente y fue puesto a disposici&oacute;n de la Justicia. Seg&uacute;n se inform&oacute; a IMPACTO DE NOTICIAS, en horas de la noche de este [&hellip;]<\/p>\n","protected":false},"author":2,"featured_media":12275,"comment_status":"open","ping_status":"open","sticky":false,"template":"","format":"standard","meta":{"footnotes":""},"categories":[3,8],"tags":[3643,2681,388,4819,95,658,891],"class_list":["post-12273","post","type-post","status-publish","format-standard","has-post-thumbnail","hentry","category-locales","category-policiales","tag-entrego","tag-hijo","tag-moto","tag-nujer","tag-parana","tag-policia-2","tag-robada"],"_links":{"self":[{"href":"https:\/\/impactodenoticias.com.ar\/index.php?rest_route=\/wp\/v2\/posts\/12273","targetHints":{"allow":["GET"]}}],"collection":[{"href":"https:\/\/impactodenoticias.com.ar\/index.php?rest_route=\/wp\/v2\/posts"}],"about":[{"href":"https:\/\/impactodenoticias.com.ar\/index.php?rest_route=\/wp\/v2\/types\/post"}],"author":[{"embeddable":true,"href":"https:\/\/impactodenoticias.com.ar\/index.php?rest_route=\/wp\/v2\/users\/2"}],"replies":[{"embeddable":true,"href":"https:\/\/impactodenoticias.com.ar\/index.php?rest_route=%2Fwp%2Fv2%2Fcomments&post=12273"}],"version-history":[{"count":1,"href":"https:\/\/impactodenoticias.com.ar\/index.php?rest_route=\/wp\/v2\/posts\/12273\/revisions"}],"predecessor-version":[{"id":12276,"href":"https:\/\/impactodenoticias.com.ar\/index.php?rest_route=\/wp\/v2\/posts\/12273\/revisions\/12276"}],"wp:featuredmedia":[{"embeddable":true,"href":"https:\/\/impactodenoticias.com.ar\/index.php?rest_route=\/wp\/v2\/media\/12275"}],"wp:attachment":[{"href":"https:\/\/impactodenoticias.com.ar\/index.php?rest_route=%2Fwp%2Fv2%2Fmedia&parent=12273"}],"wp:term":[{"taxonomy":"category","embeddable":true,"href":"https:\/\/impactodenoticias.com.ar\/index.php?rest_route=%2Fwp%2Fv2%2Fcategories&post=12273"},{"taxonomy":"post_tag","embeddable":true,"href":"https:\/\/impactodenoticias.com.ar\/index.php?rest_route=%2Fwp%2Fv2%2Ftags&post=12273"}],"curies":[{"name":"wp","href":"https:\/\/api.w.org\/{rel}","templated":true}]}}