{"id":12281,"date":"2025-03-14T14:31:04","date_gmt":"2025-03-14T17:31:04","guid":{"rendered":"https:\/\/impactodenoticias.com.ar\/?p=12281"},"modified":"2025-03-16T10:32:05","modified_gmt":"2025-03-16T13:32:05","slug":"nuevamente-el-iosper-es-centro-de-un-escandalo","status":"publish","type":"post","link":"https:\/\/impactodenoticias.com.ar\/?p=12281","title":{"rendered":"Nuevamente el IOSPER es centro de un esc\u00e1ndalo"},"content":{"rendered":"\n<h2 class=\"wp-block-heading\">El Dr. Luis Beber, integrante de la comisi\u00f3n fiscalizadora de IOSPER, present\u00f3 su renuncia en medio de un esc\u00e1ndalo que termin\u00f3 en golpes e insultos en las oficinas de la obra social entrerriana.<\/h2>\n\n\n\n<p>Beber es conocido por su caracter fuerte, y fue ubicado en ese lugar dentro de la obra social, por el gobernador Rogelio Frigerio.<\/p>\n\n\n\n<p>Seg\u00fan testigos ocasionales del episodio, antes de renunciar a su puesto, protagoniz\u00f3 una violenta pelea, con el contador Ra\u00fal S\u00e1nchez, que ocupa el lugar de Director de Interventores.<\/p>\n\n\n\n<p>La discusi\u00f3n fue escalando hasta que Beber completamente fuera de si, trato a S\u00e1nchez de \u00abchorro\u00bb, \u00abmaleducado\u00bb y \u00abdelicuente\u00bb, se\u00f1alando que \u00e9ste \u00faltimo se hab\u00eda\u00bbafanado\u00bb todo en la obra social de Buenos Aires, acotando a los gritos \u00aba mi no me vas a patotear\u00bb, y seguidamente lo golpe\u00f3 con un preciso golpe de pu\u00f1o, para luego ser reducido por su secretario.<\/p>\n\n\n\n<p>S\u00e1nchez comenz\u00f3 una especia de fuga en las oficinas, mientras empleados intentaban calmar a Beber que se encontraba furioso.<\/p>\n\n\n\n<p>Este nuevo hecho, desat\u00f3 un verdadero esc\u00e1ndalo dentro de la convulsionada obra social que contiene a 300.000 afiliados.<\/p>\n\n\n\n<p>Cabe recordar tambi\u00e9n el cruce entre el interventor y la subinterventora, d\u00edas atr\u00e1s que este mismo medio public\u00f3.<\/p>\n\n\n\n<p><\/p>\n\n\n\n<figure class=\"wp-block-embed is-type-wp-embed is-provider-incrustado wp-block-embed-incrustado\"><div class=\"wp-block-embed__wrapper\">\n<blockquote class=\"wp-embedded-content\" data-secret=\"QEbgXMtT5n\"><a href=\"https:\/\/impactodenoticias.com.ar\/?p=11681\">Intervenci\u00f3n en el Iosper en problemas<\/a><\/blockquote><iframe loading=\"lazy\" class=\"wp-embedded-content\" sandbox=\"allow-scripts\" security=\"restricted\" style=\"position: absolute; clip: rect(1px, 1px, 1px, 1px);\" title=\"\u00abIntervenci\u00f3n en el Iosper en problemas\u00bb \u2014 \" src=\"https:\/\/impactodenoticias.com.ar\/?p=11681&#038;embed=true#?secret=suPOmfRuIn#?secret=QEbgXMtT5n\" data-secret=\"QEbgXMtT5n\" width=\"600\" height=\"338\" frameborder=\"0\" marginwidth=\"0\" marginheight=\"0\" scrolling=\"no\"><\/iframe>\n<\/div><\/figure>\n\n\n\n<p><\/p>\n\n\n\n<p><\/p>\n","protected":false},"excerpt":{"rendered":"<p>El Dr. Luis Beber, integrante de la comisi&oacute;n fiscalizadora de IOSPER, present&oacute; su renuncia en medio de un esc&aacute;ndalo que termin&oacute; en golpes e insultos en las oficinas de la obra social entrerriana. Beber es conocido por su caracter fuerte, y fue ubicado en ese lugar dentro de la obra social, por el gobernador Rogelio [&hellip;]<\/p>\n","protected":false},"author":2,"featured_media":12283,"comment_status":"open","ping_status":"open","sticky":false,"template":"","format":"standard","meta":{"footnotes":""},"categories":[4,49],"tags":[1575,1551,4823,329,4821,4822],"class_list":["post-12281","post","type-post","status-publish","format-standard","has-post-thumbnail","hentry","category-provinciales","category-sociedad","tag-escandalo","tag-golpes","tag-insultos","tag-iosper","tag-luis-beber","tag-raul-sanchez"],"_links":{"self":[{"href":"https:\/\/impactodenoticias.com.ar\/index.php?rest_route=\/wp\/v2\/posts\/12281","targetHints":{"allow":["GET"]}}],"collection":[{"href":"https:\/\/impactodenoticias.com.ar\/index.php?rest_route=\/wp\/v2\/posts"}],"about":[{"href":"https:\/\/impactodenoticias.com.ar\/index.php?rest_route=\/wp\/v2\/types\/post"}],"author":[{"embeddable":true,"href":"https:\/\/impactodenoticias.com.ar\/index.php?rest_route=\/wp\/v2\/users\/2"}],"replies":[{"embeddable":true,"href":"https:\/\/impactodenoticias.com.ar\/index.php?rest_route=%2Fwp%2Fv2%2Fcomments&post=12281"}],"version-history":[{"count":1,"href":"https:\/\/impactodenoticias.com.ar\/index.php?rest_route=\/wp\/v2\/posts\/12281\/revisions"}],"predecessor-version":[{"id":12284,"href":"https:\/\/impactodenoticias.com.ar\/index.php?rest_route=\/wp\/v2\/posts\/12281\/revisions\/12284"}],"wp:featuredmedia":[{"embeddable":true,"href":"https:\/\/impactodenoticias.com.ar\/index.php?rest_route=\/wp\/v2\/media\/12283"}],"wp:attachment":[{"href":"https:\/\/impactodenoticias.com.ar\/index.php?rest_route=%2Fwp%2Fv2%2Fmedia&parent=12281"}],"wp:term":[{"taxonomy":"category","embeddable":true,"href":"https:\/\/impactodenoticias.com.ar\/index.php?rest_route=%2Fwp%2Fv2%2Fcategories&post=12281"},{"taxonomy":"post_tag","embeddable":true,"href":"https:\/\/impactodenoticias.com.ar\/index.php?rest_route=%2Fwp%2Fv2%2Ftags&post=12281"}],"curies":[{"name":"wp","href":"https:\/\/api.w.org\/{rel}","templated":true}]}}