{"id":12289,"date":"2025-03-14T19:16:42","date_gmt":"2025-03-14T22:16:42","guid":{"rendered":"https:\/\/impactodenoticias.com.ar\/?p=12289"},"modified":"2025-03-16T10:32:01","modified_gmt":"2025-03-16T13:32:01","slug":"cristina-cremer-de-busti-pondero-la-lucha-historica-de-las-mujeres-entrerrianas","status":"publish","type":"post","link":"https:\/\/impactodenoticias.com.ar\/?p=12289","title":{"rendered":"Cristina Cremer de Busti ponder\u00f3 la lucha hist\u00f3rica de las mujeres entrerrianas"},"content":{"rendered":"\n<p class=\"has-medium-font-size\"><strong>En la presentaci\u00f3n del libro Mujeres en marcha, de Sara Liponezky de Amavet, la ex diputada nacional, Cristina Cremer de Busti, particip\u00f3 junto a la intendenta de Paran\u00e1, Rosario Romero, de la presentaci\u00f3n del libro que se realiz\u00f3 en el Sal\u00f3n Mariano Moreno del Honorable Concejo Deliberante de Paran\u00e1.<\/strong><\/p>\n\n\n\n<p>\u00abLo que comenz\u00f3 siendo un anhelo, un sue\u00f1o de un grupo de mujeres valientes y pioneras en nuestra provincia, luego fue sumando adhesiones, cobrando cada vez m\u00e1s fuerza y, con el tiempo y la lucha de recorrer cada pueblo entrerriano hablando con las amas de casa, se convirti\u00f3 en una realidad efectivizada a trav\u00e9s de una ley que consagr\u00f3 el derecho a la jubilaci\u00f3n de las amas de casa\u00bb, manifest\u00f3 Cremer de Busti.<\/p>\n\n\n\n<p>En sus declaraciones, la ex legisladora subray\u00f3 la importancia de visibilizar el camino recorrido y la trascendencia de esta conquista social: \u00abEste libro refleja una historia de lucha y compromiso, que demuestra que cuando hay convicci\u00f3n y esfuerzo, los derechos pueden ser conquistados\u00bb.<\/p>\n\n\n\n<p>Cremer de Busti agreg\u00f3 que el apoyo que en todo momento brind\u00f3 Jorge Busti como gobernador a este proyecto, dado que \u00e9l lo entend\u00eda como una reivindicaci\u00f3n a la mujer trabajadora y el mejor homenaje a la memoria imborrable de Eva Per\u00f3n.<\/p>\n\n\n\n<p>Adem\u00e1s, destac\u00f3 el papel clave de Sara Liponezky de Amavet en otros logros de la primera gesti\u00f3n de Jorge Busti, como la creaci\u00f3n de la Subsecretar\u00eda de la Mujer provincial: \u00abLuego de la sanci\u00f3n de la ley de jubilaci\u00f3n para amas de casa, dimos un paso m\u00e1s en el reconocimiento de los derechos de las mujeres, con la creaci\u00f3n de la Subsecretar\u00eda de la Mujer de Entre R\u00edos, cuya primera titular, muy merecidamente, fue Sara\u00bb.<\/p>\n\n\n\n<p>De la actividad, participaron adem\u00e1s, las legisladoras provinciales Laura Stratta y Gladys Dom\u00ednguez; el viceintendente David C\u00e1ceres, los concejales Lusina Minni y Fernando Quinodoz y el gestor cultural y poeta, Roberto Romani.<\/p>\n\n\n\n<p>Cristina Cremer finaliz\u00f3, se\u00f1alando su compromiso de acompa\u00f1ar a la autora en la difusi\u00f3n de la obra en todo el territorio entrerriano, porque \u00abla lucha es constante y sigue siendo necesaria, y para eso es importante conocer la historia\u00bb. Valor\u00f3 el aporte del libro \u00abMujeres en marcha\u00bb como testimonio vivo de una etapa hist\u00f3rica fundamental para las mujeres entrerrianas y celebr\u00f3 la presentaci\u00f3n de la obra en Paran\u00e1 como un reconocimiento a la trayectoria de su autora y de todas aquellas que hicieron posible la conquista de derechos fundamentales.<\/p>\n","protected":false},"excerpt":{"rendered":"<p>En la presentaci&oacute;n del libro Mujeres en marcha, de Sara Liponezky de Amavet, la ex diputada nacional, Cristina Cremer de Busti, particip&oacute; junto a la intendenta de Paran&aacute;, Rosario Romero, de la presentaci&oacute;n del libro que se realiz&oacute; en el Sal&oacute;n Mariano Moreno del Honorable Concejo Deliberante de Paran&aacute;. &laquo;Lo que comenz&oacute; siendo un anhelo, [&hellip;]<\/p>\n","protected":false},"author":2,"featured_media":12290,"comment_status":"open","ping_status":"open","sticky":false,"template":"","format":"standard","meta":{"footnotes":""},"categories":[4,49],"tags":[243,4827,33,1446,1651,1079,95,161,4828],"class_list":["post-12289","post","type-post","status-publish","format-standard","has-post-thumbnail","hentry","category-provinciales","category-sociedad","tag-concejo-deliberante","tag-cristina-cremer-de-busti","tag-entre-rios","tag-entrerrianas","tag-lucha","tag-mujeres","tag-parana","tag-rosario-romero","tag-sara-liponezky-de-amavet"],"_links":{"self":[{"href":"https:\/\/impactodenoticias.com.ar\/index.php?rest_route=\/wp\/v2\/posts\/12289","targetHints":{"allow":["GET"]}}],"collection":[{"href":"https:\/\/impactodenoticias.com.ar\/index.php?rest_route=\/wp\/v2\/posts"}],"about":[{"href":"https:\/\/impactodenoticias.com.ar\/index.php?rest_route=\/wp\/v2\/types\/post"}],"author":[{"embeddable":true,"href":"https:\/\/impactodenoticias.com.ar\/index.php?rest_route=\/wp\/v2\/users\/2"}],"replies":[{"embeddable":true,"href":"https:\/\/impactodenoticias.com.ar\/index.php?rest_route=%2Fwp%2Fv2%2Fcomments&post=12289"}],"version-history":[{"count":1,"href":"https:\/\/impactodenoticias.com.ar\/index.php?rest_route=\/wp\/v2\/posts\/12289\/revisions"}],"predecessor-version":[{"id":12291,"href":"https:\/\/impactodenoticias.com.ar\/index.php?rest_route=\/wp\/v2\/posts\/12289\/revisions\/12291"}],"wp:featuredmedia":[{"embeddable":true,"href":"https:\/\/impactodenoticias.com.ar\/index.php?rest_route=\/wp\/v2\/media\/12290"}],"wp:attachment":[{"href":"https:\/\/impactodenoticias.com.ar\/index.php?rest_route=%2Fwp%2Fv2%2Fmedia&parent=12289"}],"wp:term":[{"taxonomy":"category","embeddable":true,"href":"https:\/\/impactodenoticias.com.ar\/index.php?rest_route=%2Fwp%2Fv2%2Fcategories&post=12289"},{"taxonomy":"post_tag","embeddable":true,"href":"https:\/\/impactodenoticias.com.ar\/index.php?rest_route=%2Fwp%2Fv2%2Ftags&post=12289"}],"curies":[{"name":"wp","href":"https:\/\/api.w.org\/{rel}","templated":true}]}}