{"id":12293,"date":"2025-03-15T10:49:54","date_gmt":"2025-03-15T13:49:54","guid":{"rendered":"https:\/\/impactodenoticias.com.ar\/?p=12293"},"modified":"2025-03-15T10:49:54","modified_gmt":"2025-03-15T13:49:54","slug":"homicidio-de-abril-morato-micaela-mino-seguira-bajo-prision-domiciliaria-hasta-el-juicio","status":"publish","type":"post","link":"https:\/\/impactodenoticias.com.ar\/?p=12293","title":{"rendered":"Homicidio de Abril Morato: Micaela Mi\u00f1o seguir\u00e1 bajo prisi\u00f3n domiciliaria hasta el juicio"},"content":{"rendered":"\n<h2 class=\"wp-block-heading\">La medida se resolvi\u00f3 este viernes. La fiscal Paola Farin\u00f3 solicit\u00f3 que la prisi\u00f3n domiciliaria se prorrogue hasta la audiencia de admisi\u00f3n de prueba, mientras que la defensa a cargo del abogado Guillermo Retamar se opuso.<\/h2>\n\n\n\n<p>El juez del Tribunal de Juicio y Apelaciones, Alejandro C\u00e1nepa, decidi\u00f3 hacer lugar al pedido de la fiscal\u00eda de que la joven acusada de tener una activa participaci\u00f3n en el homicidio de Abril Morato, hecho sucedido en la zona oeste de Paran\u00e1 en septiembre de 2024, contin\u00fae bajo arresto domiciliario hasta el juicio.<\/p>\n\n\n\n<p>Micaela Ayelen Mi\u00f1o, de 21 a\u00f1os, est\u00e1 acusada como coautora del homicidio de la adolescente de 19 a\u00f1os, hecho que se produjo el domingo 1\u00b0 de septiembre en el barrio Gaucho Rivero de Paran\u00e1.<\/p>\n\n\n\n<p>La autora del asesinato fue una adolescente de 15 a\u00f1os, quien se encuentra a disposici\u00f3n de la Justicia. El brutal conflicto se gener\u00f3 porque la menor culpaba a Morato por la muerte de su hermano por autodeterminaci\u00f3n.<\/p>\n\n\n\n<p>El violento incidente sucedi\u00f3 alrededor de las 23 del domingo 1\u00b0 de septiembre cuando Abril Morato se encontraba en su domicilio junto a su padre. En ese momento, la menor y Mi\u00f1o llegaron al lugar y, tras ingresar al patio de la vivienda, comenzaron una discusi\u00f3n que r\u00e1pidamente termin\u00f3 en una pelea.<\/p>\n\n\n\n<p>La confrontaci\u00f3n sigui\u00f3 en la v\u00eda p\u00fablica, en Calle 968 entre Luis Vernet y 1309, donde se intercambiaron golpes entre Milagros y la adolescente, mientras Mi\u00f1o vigilaba para evitar la intervenci\u00f3n de terceros. La menor, que llevaba oculta una cuchilla en la parte trasera de la cintura, persigui\u00f3 a Milagros cuando ella intent\u00f3 refugiarse en su casa. La atacante logr\u00f3 trepar las chapas del per\u00edmetro y accedi\u00f3 al patio, donde agredi\u00f3 a la v\u00edctima con el arma blanca. Milagros sufri\u00f3 m\u00faltiples heridas cortantes y falleci\u00f3.<\/p>\n\n\n\n<p>Mi\u00f1o en su declaraci\u00f3n dice que ella no particip\u00f3 del ataque y que solo mir\u00f3. Tambi\u00e9n agrega que la cuchilla que ten\u00eda su amiga era del padre de la v\u00edctima que la inst\u00f3 a salir a pelear. Pero esto no pudo ser corroborado hasta ahora.<\/p>\n\n\n\n<p>Del pedido de remisi\u00f3n de la causa a juicio por jurado se desprende que la fiscal Farin\u00f3 va a solicitar una pena de 15 a\u00f1os de prisi\u00f3n efectiva para la acusada.<\/p>\n\n\n\n<p>El abogado defensor, Guillermo Retamar, critic\u00f3 el encierro y se\u00f1al\u00f3 que Mi\u00f1o necesita poder salir a trabajar, ya que tiene dos ni\u00f1os menores de edad y no tiene c\u00f3mo alimentarlos.<\/p>\n\n\n\n<p>Retamar agreg\u00f3 que la pareja de la imputada, Cristian Ortiz, de 22 a\u00f1os, fue asesinado la noche del jueves 7 de diciembre de 2023 en calle Virrey V\u00e9rtiz y Montiel, en Paran\u00e1. Este caso todav\u00eda est\u00e1 en etapa de Investigaci\u00f3n Penal Preparatoria, pero habr\u00eda un proyecto de abreviado en estudio entre el fiscal Laureano Dato y los defensores de los acusados.<\/p>\n","protected":false},"excerpt":{"rendered":"<p>La medida se resolvi&oacute; este viernes. La fiscal Paola Farin&oacute; solicit&oacute; que la prisi&oacute;n domiciliaria se prorrogue hasta la audiencia de admisi&oacute;n de prueba, mientras que la defensa a cargo del abogado Guillermo Retamar se opuso. El juez del Tribunal de Juicio y Apelaciones, Alejandro C&aacute;nepa, decidi&oacute; hacer lugar al pedido de la fiscal&iacute;a de [&hellip;]<\/p>\n","protected":false},"author":2,"featured_media":12294,"comment_status":"open","ping_status":"open","sticky":false,"template":"","format":"standard","meta":{"footnotes":""},"categories":[90,3,8],"tags":[1611,4484,4830],"class_list":["post-12293","post","type-post","status-publish","format-standard","has-post-thumbnail","hentry","category-judicial","category-locales","category-policiales","tag-abril-morato","tag-alejandro-canepa","tag-micaela-mino"],"_links":{"self":[{"href":"https:\/\/impactodenoticias.com.ar\/index.php?rest_route=\/wp\/v2\/posts\/12293","targetHints":{"allow":["GET"]}}],"collection":[{"href":"https:\/\/impactodenoticias.com.ar\/index.php?rest_route=\/wp\/v2\/posts"}],"about":[{"href":"https:\/\/impactodenoticias.com.ar\/index.php?rest_route=\/wp\/v2\/types\/post"}],"author":[{"embeddable":true,"href":"https:\/\/impactodenoticias.com.ar\/index.php?rest_route=\/wp\/v2\/users\/2"}],"replies":[{"embeddable":true,"href":"https:\/\/impactodenoticias.com.ar\/index.php?rest_route=%2Fwp%2Fv2%2Fcomments&post=12293"}],"version-history":[{"count":1,"href":"https:\/\/impactodenoticias.com.ar\/index.php?rest_route=\/wp\/v2\/posts\/12293\/revisions"}],"predecessor-version":[{"id":12295,"href":"https:\/\/impactodenoticias.com.ar\/index.php?rest_route=\/wp\/v2\/posts\/12293\/revisions\/12295"}],"wp:featuredmedia":[{"embeddable":true,"href":"https:\/\/impactodenoticias.com.ar\/index.php?rest_route=\/wp\/v2\/media\/12294"}],"wp:attachment":[{"href":"https:\/\/impactodenoticias.com.ar\/index.php?rest_route=%2Fwp%2Fv2%2Fmedia&parent=12293"}],"wp:term":[{"taxonomy":"category","embeddable":true,"href":"https:\/\/impactodenoticias.com.ar\/index.php?rest_route=%2Fwp%2Fv2%2Fcategories&post=12293"},{"taxonomy":"post_tag","embeddable":true,"href":"https:\/\/impactodenoticias.com.ar\/index.php?rest_route=%2Fwp%2Fv2%2Ftags&post=12293"}],"curies":[{"name":"wp","href":"https:\/\/api.w.org\/{rel}","templated":true}]}}