{"id":12296,"date":"2025-03-15T10:57:30","date_gmt":"2025-03-15T13:57:30","guid":{"rendered":"https:\/\/impactodenoticias.com.ar\/?p=12296"},"modified":"2025-03-15T10:57:30","modified_gmt":"2025-03-15T13:57:30","slug":"tras-el-vuelco-de-un-camion-en-el-acceso-a-federacion-se-produjo-un-incendio-de-pastizales","status":"publish","type":"post","link":"https:\/\/impactodenoticias.com.ar\/?p=12296","title":{"rendered":"Tras el vuelco de un cami\u00f3n en el acceso a Federaci\u00f3n se produjo un incendio de pastizales"},"content":{"rendered":"\n<h2 class=\"wp-block-heading\">Un cami\u00f3n volc\u00f3 al tomar la rotonda y qued\u00f3 sobre uno de sus laterales. En el lugar, donde termin\u00f3 el pesado veh\u00edculo se produjo un incendio sobre el pastizal.<\/h2>\n\n\n\n<p>El cami\u00f3n siniestrado, pertenece a la empresa JSL, y era conducido por un hombre de nacionalidad brasilera de 59 a\u00f1os, quien se dirig\u00eda desde Buenos Aires a Paso de Los Libres y con destino final Sao Paulo. El veh\u00edculo de gran porte transportaba estructuras met\u00e1licas para el traslado de parabrisas.<\/p>\n\n\n\n<p><\/p>\n\n\n\n<figure class=\"wp-block-image size-full\"><img loading=\"lazy\" decoding=\"async\" width=\"696\" height=\"503\" src=\"https:\/\/impactodenoticias.com.ar\/wp-content\/uploads\/2025\/03\/image-11-31.webp\" alt=\"\" class=\"wp-image-12297\" srcset=\"https:\/\/impactodenoticias.com.ar\/wp-content\/uploads\/2025\/03\/image-11-31.webp 696w, https:\/\/impactodenoticias.com.ar\/wp-content\/uploads\/2025\/03\/image-11-31-300x217.webp 300w\" sizes=\"auto, (max-width: 696px) 100vw, 696px\" \/><\/figure>\n\n\n\n<p><\/p>\n\n\n\n<p>Alrededor de las 17, a\u00fan trabajaban en la zona personal de Gendarmer\u00eda, Bomberos Voluntarios y efectivos policiales.<\/p>\n\n\n\n<p>El tr\u00e1nsito tuvo que ser interrumpido en un principio para evitar mayores inconvenientes. Horas despu\u00e9s y tras arduas labores se habilit\u00f3 el paso de veh\u00edculo de forma controlada.<\/p>\n\n\n\n<p><\/p>\n\n\n\n<iframe loading=\"lazy\" src=\"https:\/\/www.facebook.com\/plugins\/video.php?height=476&#038;href=https%3A%2F%2Fwww.facebook.com%2FRadiocityfederacion%2Fvideos%2F663979872871333%2F&#038;show_text=false&#038;width=264&#038;t=0\" width=\"264\" height=\"476\" style=\"border:none;overflow:hidden\" scrolling=\"no\" frameborder=\"0\" allowfullscreen=\"true\" allow=\"autoplay; clipboard-write; encrypted-media; picture-in-picture; web-share\" allowFullScreen=\"true\"><\/iframe>\n\n\n\n<p><\/p>\n","protected":false},"excerpt":{"rendered":"<p>Un cami&oacute;n volc&oacute; al tomar la rotonda y qued&oacute; sobre uno de sus laterales. En el lugar, donde termin&oacute; el pesado veh&iacute;culo se produjo un incendio sobre el pastizal. El cami&oacute;n siniestrado, pertenece a la empresa JSL, y era conducido por un hombre de nacionalidad brasilera de 59 a&ntilde;os, quien se dirig&iacute;a desde Buenos Aires [&hellip;]<\/p>\n","protected":false},"author":2,"featured_media":12298,"comment_status":"open","ping_status":"open","sticky":false,"template":"","format":"standard","meta":{"footnotes":""},"categories":[8,4],"tags":[545,272,227,1846,336],"class_list":["post-12296","post","type-post","status-publish","format-standard","has-post-thumbnail","hentry","category-policiales","category-provinciales","tag-camion","tag-federacion","tag-incendio","tag-pastizales","tag-vuelco"],"_links":{"self":[{"href":"https:\/\/impactodenoticias.com.ar\/index.php?rest_route=\/wp\/v2\/posts\/12296","targetHints":{"allow":["GET"]}}],"collection":[{"href":"https:\/\/impactodenoticias.com.ar\/index.php?rest_route=\/wp\/v2\/posts"}],"about":[{"href":"https:\/\/impactodenoticias.com.ar\/index.php?rest_route=\/wp\/v2\/types\/post"}],"author":[{"embeddable":true,"href":"https:\/\/impactodenoticias.com.ar\/index.php?rest_route=\/wp\/v2\/users\/2"}],"replies":[{"embeddable":true,"href":"https:\/\/impactodenoticias.com.ar\/index.php?rest_route=%2Fwp%2Fv2%2Fcomments&post=12296"}],"version-history":[{"count":1,"href":"https:\/\/impactodenoticias.com.ar\/index.php?rest_route=\/wp\/v2\/posts\/12296\/revisions"}],"predecessor-version":[{"id":12299,"href":"https:\/\/impactodenoticias.com.ar\/index.php?rest_route=\/wp\/v2\/posts\/12296\/revisions\/12299"}],"wp:featuredmedia":[{"embeddable":true,"href":"https:\/\/impactodenoticias.com.ar\/index.php?rest_route=\/wp\/v2\/media\/12298"}],"wp:attachment":[{"href":"https:\/\/impactodenoticias.com.ar\/index.php?rest_route=%2Fwp%2Fv2%2Fmedia&parent=12296"}],"wp:term":[{"taxonomy":"category","embeddable":true,"href":"https:\/\/impactodenoticias.com.ar\/index.php?rest_route=%2Fwp%2Fv2%2Fcategories&post=12296"},{"taxonomy":"post_tag","embeddable":true,"href":"https:\/\/impactodenoticias.com.ar\/index.php?rest_route=%2Fwp%2Fv2%2Ftags&post=12296"}],"curies":[{"name":"wp","href":"https:\/\/api.w.org\/{rel}","templated":true}]}}