{"id":12300,"date":"2025-03-15T11:08:17","date_gmt":"2025-03-15T14:08:17","guid":{"rendered":"https:\/\/impactodenoticias.com.ar\/?p=12300"},"modified":"2025-03-17T10:56:28","modified_gmt":"2025-03-17T13:56:28","slug":"extendieron-a-30-dias-la-prision-domiciliaria-de-los-policias-sospechados-de-asesinar-a-guillermo-ramirez","status":"publish","type":"post","link":"https:\/\/impactodenoticias.com.ar\/?p=12300","title":{"rendered":"Extendieron a 30 d\u00edas la prisi\u00f3n domiciliaria de los polic\u00edas sospechados de asesinar a Guillermo Ram\u00edrez"},"content":{"rendered":"\n<h2 class=\"wp-block-heading\">El juez de Garant\u00eda de Diamante, Jorge Barbagelata Xavier, accedi\u00f3 a la solicitud de la Fiscal\u00eda para prorrogar la prisi\u00f3n preventiva domiciliaria que cumplen los cuatro polic\u00edas investigados por la muerte de Guillermo Ram\u00edrez.<\/h2>\n\n\n\n<p>Rub\u00e9n Dar\u00edo Ricle, Jonathan Exequiel Vera, Fernanda Mar\u00eda Eugenia Toffoli y Mariana Vanina Cepeda continuar\u00e1n durante 30 d\u00edas m\u00e1s arrestados con esta modalidad, mientras la fiscal Romina Blasich indaga las condiciones del fallecimiento de Ram\u00edrez.<\/p>\n\n\n\n<p>El hombre falleci\u00f3 por asfixia mec\u00e1nica en medio de un procedimiento policial que arranc\u00f3 en Libertador San Mart\u00edn y finaliz\u00f3 en la Jefatura Departamental de Polic\u00eda de Diamante. El arresto se registr\u00f3 en la plaza ubicada en calle 25 de Mayo de \u201cLa Villa\u201d cerca de las 20.30 el 27 de febrero.<\/p>\n\n\n\n<p>En principio el juez Barbagelata hab\u00eda dispuesto prisi\u00f3n domiciliaria durante 15 d\u00edas para los efectivos que intervinieron en la detenci\u00f3n y traslado de Ram\u00edrez. La fiscal Blasich hab\u00eda rechazado esa resoluci\u00f3n y solicitado una extensi\u00f3n de la medida, en una apelaci\u00f3n que incluy\u00f3 un rev\u00e9s con cuestionamientos a la fiscal de parte del juez de Tribunal de Paran\u00e1, Alejandro Grippo.<\/p>\n\n\n\n<p>El viernes a las 9.45 se llev\u00f3 adelante la audiencia de revisi\u00f3n de la prisi\u00f3n preventiva domiciliaria y la Fiscla\u00eda reiter\u00f3 el pedido de detenci\u00f3n por mayor plazo y que se efectivice en la c\u00e1rcel y no en las viviendas de los acusados.<\/p>\n\n\n\n<p>Blasich argument\u00f3 su pedido, debido a la manifestaciones de temor para declarar que le transmitieron muchos testigos del caso. La funcionaria del Ministerio P\u00fablico Fiscal tiene una lista de cerca de 40 personas que podr\u00edan aportar informaci\u00f3n para esclarecer la muerte de Ram\u00edrez, pero hasta ahora declararon menos de 20. El resto, aparentemente, teme represalias policiales con los agentes acusados detenidos.<\/p>\n\n\n\n<p>Seg\u00fan explic\u00f3 el abogado querellante Nelson Schlotthauer, la causa viene avanzando tambi\u00e9n con pericias. La m\u00e1s relevante, ser\u00eda la autopsia, que ya contar\u00eda con un informe preliminar que revelar\u00eda que Ram\u00edrez sufri\u00f3 m\u00faltiples traumatismos y golpes y que establecer\u00eda como causa de muerte la asfixia mec\u00e1nica.<\/p>\n","protected":false},"excerpt":{"rendered":"<p>El juez de Garant&iacute;a de Diamante, Jorge Barbagelata Xavier, accedi&oacute; a la solicitud de la Fiscal&iacute;a para prorrogar la prisi&oacute;n preventiva domiciliaria que cumplen los cuatro polic&iacute;as investigados por la muerte de Guillermo Ram&iacute;rez. Rub&eacute;n Dar&iacute;o Ricle, Jonathan Exequiel Vera, Fernanda Mar&iacute;a Eugenia Toffoli y Mariana Vanina Cepeda continuar&aacute;n durante 30 d&iacute;as m&aacute;s arrestados con [&hellip;]<\/p>\n","protected":false},"author":2,"featured_media":12301,"comment_status":"open","ping_status":"open","sticky":false,"template":"","format":"standard","meta":{"footnotes":""},"categories":[90,3,8],"tags":[1832,2067,4835,4700,4834,4832,4836,957,4833],"class_list":["post-12300","post","type-post","status-publish","format-standard","has-post-thumbnail","hentry","category-judicial","category-locales","category-policiales","tag-domiciliaria","tag-extension","tag-fernanda-maria-eugenia-toffoli","tag-guillermo-ramirez","tag-jonathan-exequiel-vera","tag-jorge-barbagelata","tag-mariana-vanina-cepeda","tag-prision","tag-ruben-dario-ricle"],"_links":{"self":[{"href":"https:\/\/impactodenoticias.com.ar\/index.php?rest_route=\/wp\/v2\/posts\/12300","targetHints":{"allow":["GET"]}}],"collection":[{"href":"https:\/\/impactodenoticias.com.ar\/index.php?rest_route=\/wp\/v2\/posts"}],"about":[{"href":"https:\/\/impactodenoticias.com.ar\/index.php?rest_route=\/wp\/v2\/types\/post"}],"author":[{"embeddable":true,"href":"https:\/\/impactodenoticias.com.ar\/index.php?rest_route=\/wp\/v2\/users\/2"}],"replies":[{"embeddable":true,"href":"https:\/\/impactodenoticias.com.ar\/index.php?rest_route=%2Fwp%2Fv2%2Fcomments&post=12300"}],"version-history":[{"count":1,"href":"https:\/\/impactodenoticias.com.ar\/index.php?rest_route=\/wp\/v2\/posts\/12300\/revisions"}],"predecessor-version":[{"id":12302,"href":"https:\/\/impactodenoticias.com.ar\/index.php?rest_route=\/wp\/v2\/posts\/12300\/revisions\/12302"}],"wp:featuredmedia":[{"embeddable":true,"href":"https:\/\/impactodenoticias.com.ar\/index.php?rest_route=\/wp\/v2\/media\/12301"}],"wp:attachment":[{"href":"https:\/\/impactodenoticias.com.ar\/index.php?rest_route=%2Fwp%2Fv2%2Fmedia&parent=12300"}],"wp:term":[{"taxonomy":"category","embeddable":true,"href":"https:\/\/impactodenoticias.com.ar\/index.php?rest_route=%2Fwp%2Fv2%2Fcategories&post=12300"},{"taxonomy":"post_tag","embeddable":true,"href":"https:\/\/impactodenoticias.com.ar\/index.php?rest_route=%2Fwp%2Fv2%2Ftags&post=12300"}],"curies":[{"name":"wp","href":"https:\/\/api.w.org\/{rel}","templated":true}]}}