{"id":12309,"date":"2025-03-15T18:44:57","date_gmt":"2025-03-15T21:44:57","guid":{"rendered":"https:\/\/impactodenoticias.com.ar\/?p=12309"},"modified":"2025-03-17T10:56:23","modified_gmt":"2025-03-17T13:56:23","slug":"en-estado-de-ebriedad-una-mujer-provoco-un-accidente-vial-con-un-vehiculo-oficial-del-municipio-de-san-jose","status":"publish","type":"post","link":"https:\/\/impactodenoticias.com.ar\/?p=12309","title":{"rendered":"En estado de ebriedad una mujer provoc\u00f3 un accidente vial con un veh\u00edculo oficial del municipio de San Jos\u00e9"},"content":{"rendered":"\n<h2 class=\"wp-block-heading\">Seg\u00fan se supo inicialmente, la mujer liber\u00f3 el freno de mano y choc\u00f3 contra otro veh\u00edculo que estaba estacionado detr\u00e1s. No se conoce como pudo entrar a la camioneta perteneciente a la Municipalidad.<\/h2>\n\n\n\n<p>Personal de inspecci\u00f3n municipal de San Jos\u00e9 alert\u00f3 a las autoridades sobre un extra\u00f1o hecho ocurrido en el estacionamiento del municipio. De acuerdo al informe, una mujer entr\u00f3 al lugar, subi\u00f3 a la camioneta oficial que utiliza el intendente Gustavo Bastian, liber\u00f3 el freno de mano y choc\u00f3 contra otro veh\u00edculo que estaba estacionado detr\u00e1s.<\/p>\n\n\n\n<p>Cerca de las 07:40, los inspectores municipales encontraron una camioneta Volkswagen Amarok, que pertenece a la Municipalidad de San Jos\u00e9, sobre una Fiat Strada. Al abrir la puerta del veh\u00edculo oficial, una mujer cay\u00f3 al suelo, en total estado de ebriedad.<\/p>\n\n\n\n<p>Fuentes consultadas por medios locales, destacaron que no se sabe c\u00f3mo la mujer, con domicilio en Col\u00f3n, logr\u00f3 entrar al veh\u00edculo; si ten\u00eda las llaves o si la camioneta estaba sin seguro. Tampoco se inform\u00f3 si la mujer tiene alg\u00fan v\u00ednculo laboral con el municipio o si es una persona ajena al mismo.<\/p>\n\n\n\n<p>Tras la intervenci\u00f3n policial, se puso en conocimiento del incidente a la fiscal\u00eda en turno, desde donde se orden\u00f3 iniciar actuaciones de oficio por da\u00f1os y la correcta identificaci\u00f3n de la involucrada. La mujer fue llevada a la Jefatura Departamental para completar el procedimiento necesario.<\/p>\n","protected":false},"excerpt":{"rendered":"<p>Seg&uacute;n se supo inicialmente, la mujer liber&oacute; el freno de mano y choc&oacute; contra otro veh&iacute;culo que estaba estacionado detr&aacute;s. No se conoce como pudo entrar a la camioneta perteneciente a la Municipalidad. Personal de inspecci&oacute;n municipal de San Jos&eacute; alert&oacute; a las autoridades sobre un extra&ntilde;o hecho ocurrido en el estacionamiento del municipio. De [&hellip;]<\/p>\n","protected":false},"author":2,"featured_media":12310,"comment_status":"open","ping_status":"open","sticky":false,"template":"","format":"standard","meta":{"footnotes":""},"categories":[8,4],"tags":[402,652,619,122,933,182,1825,390],"class_list":["post-12309","post","type-post","status-publish","format-standard","has-post-thumbnail","hentry","category-policiales","category-provinciales","tag-camioneta","tag-choque","tag-ebriedad","tag-estado","tag-gustavo-bastian","tag-mujer","tag-municipio","tag-san-jose"],"_links":{"self":[{"href":"https:\/\/impactodenoticias.com.ar\/index.php?rest_route=\/wp\/v2\/posts\/12309","targetHints":{"allow":["GET"]}}],"collection":[{"href":"https:\/\/impactodenoticias.com.ar\/index.php?rest_route=\/wp\/v2\/posts"}],"about":[{"href":"https:\/\/impactodenoticias.com.ar\/index.php?rest_route=\/wp\/v2\/types\/post"}],"author":[{"embeddable":true,"href":"https:\/\/impactodenoticias.com.ar\/index.php?rest_route=\/wp\/v2\/users\/2"}],"replies":[{"embeddable":true,"href":"https:\/\/impactodenoticias.com.ar\/index.php?rest_route=%2Fwp%2Fv2%2Fcomments&post=12309"}],"version-history":[{"count":1,"href":"https:\/\/impactodenoticias.com.ar\/index.php?rest_route=\/wp\/v2\/posts\/12309\/revisions"}],"predecessor-version":[{"id":12311,"href":"https:\/\/impactodenoticias.com.ar\/index.php?rest_route=\/wp\/v2\/posts\/12309\/revisions\/12311"}],"wp:featuredmedia":[{"embeddable":true,"href":"https:\/\/impactodenoticias.com.ar\/index.php?rest_route=\/wp\/v2\/media\/12310"}],"wp:attachment":[{"href":"https:\/\/impactodenoticias.com.ar\/index.php?rest_route=%2Fwp%2Fv2%2Fmedia&parent=12309"}],"wp:term":[{"taxonomy":"category","embeddable":true,"href":"https:\/\/impactodenoticias.com.ar\/index.php?rest_route=%2Fwp%2Fv2%2Fcategories&post=12309"},{"taxonomy":"post_tag","embeddable":true,"href":"https:\/\/impactodenoticias.com.ar\/index.php?rest_route=%2Fwp%2Fv2%2Ftags&post=12309"}],"curies":[{"name":"wp","href":"https:\/\/api.w.org\/{rel}","templated":true}]}}