{"id":12320,"date":"2025-03-16T10:30:17","date_gmt":"2025-03-16T13:30:17","guid":{"rendered":"https:\/\/impactodenoticias.com.ar\/?p=12320"},"modified":"2025-03-16T10:30:18","modified_gmt":"2025-03-16T13:30:18","slug":"arrestaron-a-cuatro-cazadores-furtivos-que-se-encontraban-fuertemente-armados","status":"publish","type":"post","link":"https:\/\/impactodenoticias.com.ar\/?p=12320","title":{"rendered":"Arrestaron a cuatro cazadores furtivos que se encontraban fuertemente armados"},"content":{"rendered":"\n<h2 class=\"wp-block-heading\">Dos hombres de 45 y 38 a\u00f1os, un joven de 28 y un adolescente de 15, fueron demorados y posteriormente detenidos el viernes por la noche cazando con armas sin documentaci\u00f3n, en la Reserva de Colonia El Potrero.<\/h2>\n\n\n\n<p>El viernes, cerca de las 22:20, personal policial recibi\u00f3 el alerta que informaba sobre la presencia de cazadores dentro de la reserva natural de Colonia El Potrero. Al llegar al lugar, el personal de seguridad de la reserva ten\u00eda demorados a cuatro hombres que se encontraban cazando en la zona con armas de fuego, sin la documentaci\u00f3n correspondiente, adem\u00e1s se constat\u00f3 que las personas demoradas portaban dos rifles sin autorizaci\u00f3n legal para su tenencia.<\/p>\n\n\n\n<p><\/p>\n\n\n\n<figure class=\"wp-block-image size-full\"><img loading=\"lazy\" decoding=\"async\" width=\"696\" height=\"522\" src=\"https:\/\/impactodenoticias.com.ar\/wp-content\/uploads\/2025\/03\/Armas-secuestro.webp\" alt=\"\" class=\"wp-image-12322\" srcset=\"https:\/\/impactodenoticias.com.ar\/wp-content\/uploads\/2025\/03\/Armas-secuestro.webp 696w, https:\/\/impactodenoticias.com.ar\/wp-content\/uploads\/2025\/03\/Armas-secuestro-300x225.webp 300w\" sizes=\"auto, (max-width: 696px) 100vw, 696px\" \/><\/figure>\n\n\n\n<p><\/p>\n\n\n\n<p>Pasado unos minutos se dio intervenci\u00f3n a la Fiscal\u00eda en turno, quien dispuso el secuestro de las armas: un fusil marca M\u00e1user, modelo Argentino 1009, calibre .308 con mira telesc\u00f3pica, un fusil marca A. Rossi S.A., calibre .30-06 con mira telesc\u00f3pica, y 14 proyectiles.<\/p>\n\n\n\n<p>Tambi\u00e9n se orden\u00f3 la detenci\u00f3n de tres individuos de 45, 38 y 28 a\u00f1os, quienes fueron trasladados a la Jefatura Departamental y alojados en calidad de detenidos. En cuanto al menor de 15 a\u00f1os, fue trasladado a la Comisar\u00eda del Menor y Violencia Familiar, para luego ser entregado a sus padres.<\/p>\n","protected":false},"excerpt":{"rendered":"<p>Dos hombres de 45 y 38 a&ntilde;os, un joven de 28 y un adolescente de 15, fueron demorados y posteriormente detenidos el viernes por la noche cazando con armas sin documentaci&oacute;n, en la Reserva de Colonia El Potrero. El viernes, cerca de las 22:20, personal policial recibi&oacute; el alerta que informaba sobre la presencia de [&hellip;]<\/p>\n","protected":false},"author":2,"featured_media":12321,"comment_status":"open","ping_status":"open","sticky":false,"template":"","format":"standard","meta":{"footnotes":""},"categories":[8,4],"tags":[1028,4842,4841,1003],"class_list":["post-12320","post","type-post","status-publish","format-standard","has-post-thumbnail","hentry","category-policiales","category-provinciales","tag-armas","tag-cazadores","tag-colonia-el-potrero","tag-detencion"],"_links":{"self":[{"href":"https:\/\/impactodenoticias.com.ar\/index.php?rest_route=\/wp\/v2\/posts\/12320","targetHints":{"allow":["GET"]}}],"collection":[{"href":"https:\/\/impactodenoticias.com.ar\/index.php?rest_route=\/wp\/v2\/posts"}],"about":[{"href":"https:\/\/impactodenoticias.com.ar\/index.php?rest_route=\/wp\/v2\/types\/post"}],"author":[{"embeddable":true,"href":"https:\/\/impactodenoticias.com.ar\/index.php?rest_route=\/wp\/v2\/users\/2"}],"replies":[{"embeddable":true,"href":"https:\/\/impactodenoticias.com.ar\/index.php?rest_route=%2Fwp%2Fv2%2Fcomments&post=12320"}],"version-history":[{"count":1,"href":"https:\/\/impactodenoticias.com.ar\/index.php?rest_route=\/wp\/v2\/posts\/12320\/revisions"}],"predecessor-version":[{"id":12323,"href":"https:\/\/impactodenoticias.com.ar\/index.php?rest_route=\/wp\/v2\/posts\/12320\/revisions\/12323"}],"wp:featuredmedia":[{"embeddable":true,"href":"https:\/\/impactodenoticias.com.ar\/index.php?rest_route=\/wp\/v2\/media\/12321"}],"wp:attachment":[{"href":"https:\/\/impactodenoticias.com.ar\/index.php?rest_route=%2Fwp%2Fv2%2Fmedia&parent=12320"}],"wp:term":[{"taxonomy":"category","embeddable":true,"href":"https:\/\/impactodenoticias.com.ar\/index.php?rest_route=%2Fwp%2Fv2%2Fcategories&post=12320"},{"taxonomy":"post_tag","embeddable":true,"href":"https:\/\/impactodenoticias.com.ar\/index.php?rest_route=%2Fwp%2Fv2%2Ftags&post=12320"}],"curies":[{"name":"wp","href":"https:\/\/api.w.org\/{rel}","templated":true}]}}