{"id":12324,"date":"2025-03-16T10:31:30","date_gmt":"2025-03-16T13:31:30","guid":{"rendered":"https:\/\/impactodenoticias.com.ar\/?p=12324"},"modified":"2025-03-16T10:31:31","modified_gmt":"2025-03-16T13:31:31","slug":"personal-perteneciente-a-los-bomberos-voluntarios-de-concordia-liberaron-el-brazo-de-un-panadero-que-quedo-atrapado-en-una-amasadora","status":"publish","type":"post","link":"https:\/\/impactodenoticias.com.ar\/?p=12324","title":{"rendered":"Personal perteneciente a los Bomberos Voluntarios de Concordia liberaron el brazo de un panadero que qued\u00f3 atrapado en una amasadora"},"content":{"rendered":"\n<h2 class=\"wp-block-heading\">En la ma\u00f1ana de este s\u00e1bado, la Unidad de Rescate de Bomberos Voluntarios de Concordia, junto con Bomberos Zapadores, lograron liberar el brazo de un joven trabajador panadero de 21 a\u00f1os, de entre los rodillos de una amasadora, en una panader\u00eda ubicada en calle Feliciano al 700.<\/h2>\n\n\n\n<p>Con ayuda de herramientas hidr\u00e1ulicas se expandi\u00f3 la m\u00e1quina para poder rescatar y posteriormente ser trasladado r\u00e1pidamente al Hospital Masvernat.<\/p>\n","protected":false},"excerpt":{"rendered":"<p>En la ma&ntilde;ana de este s&aacute;bado, la Unidad de Rescate de Bomberos Voluntarios de Concordia, junto con Bomberos Zapadores, lograron liberar el brazo de un joven trabajador panadero de 21 a&ntilde;os, de entre los rodillos de una amasadora, en una panader&iacute;a ubicada en calle Feliciano al 700. Con ayuda de herramientas hidr&aacute;ulicas se expandi&oacute; la [&hellip;]<\/p>\n","protected":false},"author":2,"featured_media":12325,"comment_status":"open","ping_status":"open","sticky":false,"template":"","format":"standard","meta":{"footnotes":""},"categories":[8,4],"tags":[230,4843,72,4844],"class_list":["post-12324","post","type-post","status-publish","format-standard","has-post-thumbnail","hentry","category-policiales","category-provinciales","tag-bomberos","tag-brazo","tag-concordia","tag-panadero"],"_links":{"self":[{"href":"https:\/\/impactodenoticias.com.ar\/index.php?rest_route=\/wp\/v2\/posts\/12324","targetHints":{"allow":["GET"]}}],"collection":[{"href":"https:\/\/impactodenoticias.com.ar\/index.php?rest_route=\/wp\/v2\/posts"}],"about":[{"href":"https:\/\/impactodenoticias.com.ar\/index.php?rest_route=\/wp\/v2\/types\/post"}],"author":[{"embeddable":true,"href":"https:\/\/impactodenoticias.com.ar\/index.php?rest_route=\/wp\/v2\/users\/2"}],"replies":[{"embeddable":true,"href":"https:\/\/impactodenoticias.com.ar\/index.php?rest_route=%2Fwp%2Fv2%2Fcomments&post=12324"}],"version-history":[{"count":1,"href":"https:\/\/impactodenoticias.com.ar\/index.php?rest_route=\/wp\/v2\/posts\/12324\/revisions"}],"predecessor-version":[{"id":12326,"href":"https:\/\/impactodenoticias.com.ar\/index.php?rest_route=\/wp\/v2\/posts\/12324\/revisions\/12326"}],"wp:featuredmedia":[{"embeddable":true,"href":"https:\/\/impactodenoticias.com.ar\/index.php?rest_route=\/wp\/v2\/media\/12325"}],"wp:attachment":[{"href":"https:\/\/impactodenoticias.com.ar\/index.php?rest_route=%2Fwp%2Fv2%2Fmedia&parent=12324"}],"wp:term":[{"taxonomy":"category","embeddable":true,"href":"https:\/\/impactodenoticias.com.ar\/index.php?rest_route=%2Fwp%2Fv2%2Fcategories&post=12324"},{"taxonomy":"post_tag","embeddable":true,"href":"https:\/\/impactodenoticias.com.ar\/index.php?rest_route=%2Fwp%2Fv2%2Ftags&post=12324"}],"curies":[{"name":"wp","href":"https:\/\/api.w.org\/{rel}","templated":true}]}}