{"id":12336,"date":"2025-03-17T10:47:36","date_gmt":"2025-03-17T13:47:36","guid":{"rendered":"https:\/\/impactodenoticias.com.ar\/?p=12336"},"modified":"2025-03-17T10:47:36","modified_gmt":"2025-03-17T13:47:36","slug":"sigue-la-busqueda-de-un-joven-que-cayo-al-rio-gualeguay","status":"publish","type":"post","link":"https:\/\/impactodenoticias.com.ar\/?p=12336","title":{"rendered":"Sigue la b\u00fasqueda de un joven que cay\u00f3 al r\u00edo Gualeguay"},"content":{"rendered":"\n<h2 class=\"wp-block-heading\">De acuerdo al relato de uno de los ocupantes de la embarcaci\u00f3n, tras caer al r\u00edo, uno de ellos no pudo llegar a la orilla. Se tratar\u00eda de un joven de 28 a\u00f1os oriundo de Rosario del Tala.<\/h2>\n\n\n\n<p>Un accidente n\u00e1utico se produjo este s\u00e1bado en horas de la tarde en el r\u00edo Gualeguay, a la altura de Laguna Banegas.<\/p>\n\n\n\n<p>Al llegar al lugar los efectivos policiales, observaron el hundimiento de una embarcaci\u00f3n, aparentemente debido al mal estado de la misma. Se trasladaban seis ocupantes, entre ellos un menor de 11 a\u00f1os.<\/p>\n\n\n\n<p>El domingo desde muy temprano, se est\u00e1 trabajando en el lugar, con la colaboraci\u00f3n de personal Policial de la Jefatura de Tala. Participan tambi\u00e9n Bomberos Zapadores y Bomberos Voluntarios de Rosario del Tala, y de la ciudad de Basavilbaso, de Urdinarrain y Buzos T\u00e1cticos de la Polic\u00eda de Entre R\u00edos.<\/p>\n","protected":false},"excerpt":{"rendered":"<p>De acuerdo al relato de uno de los ocupantes de la embarcaci&oacute;n, tras caer al r&iacute;o, uno de ellos no pudo llegar a la orilla. Se tratar&iacute;a de un joven de 28 a&ntilde;os oriundo de Rosario del Tala. Un accidente n&aacute;utico se produjo este s&aacute;bado en horas de la tarde en el r&iacute;o Gualeguay, a [&hellip;]<\/p>\n","protected":false},"author":2,"featured_media":12338,"comment_status":"open","ping_status":"open","sticky":false,"template":"","format":"standard","meta":{"footnotes":""},"categories":[8,4],"tags":[251,96,137,2497],"class_list":["post-12336","post","type-post","status-publish","format-standard","has-post-thumbnail","hentry","category-policiales","category-provinciales","tag-busqueda","tag-gualeguay","tag-joven","tag-rio"],"_links":{"self":[{"href":"https:\/\/impactodenoticias.com.ar\/index.php?rest_route=\/wp\/v2\/posts\/12336","targetHints":{"allow":["GET"]}}],"collection":[{"href":"https:\/\/impactodenoticias.com.ar\/index.php?rest_route=\/wp\/v2\/posts"}],"about":[{"href":"https:\/\/impactodenoticias.com.ar\/index.php?rest_route=\/wp\/v2\/types\/post"}],"author":[{"embeddable":true,"href":"https:\/\/impactodenoticias.com.ar\/index.php?rest_route=\/wp\/v2\/users\/2"}],"replies":[{"embeddable":true,"href":"https:\/\/impactodenoticias.com.ar\/index.php?rest_route=%2Fwp%2Fv2%2Fcomments&post=12336"}],"version-history":[{"count":1,"href":"https:\/\/impactodenoticias.com.ar\/index.php?rest_route=\/wp\/v2\/posts\/12336\/revisions"}],"predecessor-version":[{"id":12339,"href":"https:\/\/impactodenoticias.com.ar\/index.php?rest_route=\/wp\/v2\/posts\/12336\/revisions\/12339"}],"wp:featuredmedia":[{"embeddable":true,"href":"https:\/\/impactodenoticias.com.ar\/index.php?rest_route=\/wp\/v2\/media\/12338"}],"wp:attachment":[{"href":"https:\/\/impactodenoticias.com.ar\/index.php?rest_route=%2Fwp%2Fv2%2Fmedia&parent=12336"}],"wp:term":[{"taxonomy":"category","embeddable":true,"href":"https:\/\/impactodenoticias.com.ar\/index.php?rest_route=%2Fwp%2Fv2%2Fcategories&post=12336"},{"taxonomy":"post_tag","embeddable":true,"href":"https:\/\/impactodenoticias.com.ar\/index.php?rest_route=%2Fwp%2Fv2%2Ftags&post=12336"}],"curies":[{"name":"wp","href":"https:\/\/api.w.org\/{rel}","templated":true}]}}