{"id":12343,"date":"2025-03-17T10:52:16","date_gmt":"2025-03-17T13:52:16","guid":{"rendered":"https:\/\/impactodenoticias.com.ar\/?p=12343"},"modified":"2025-03-17T10:52:17","modified_gmt":"2025-03-17T13:52:17","slug":"encontraron-una-moto-robada-cuando-fue-puesta-en-venta-en-una-conocida-red-social","status":"publish","type":"post","link":"https:\/\/impactodenoticias.com.ar\/?p=12343","title":{"rendered":"Encontraron una moto robada cuando fue puesta en venta en una conocida red social"},"content":{"rendered":"\n<h2 class=\"wp-block-heading\">Personal de Divisi\u00f3n Robos y Hurtos procedi\u00f3 secuestr\u00f3 durante el fin de semana, de una moto que hab\u00eda sido robada en febrero, en Paran\u00e1 y que estaba siendo publicada en Facebook, por qui\u00e9n la hab\u00eda sustra\u00eddo.<\/h2>\n\n\n\n<p>Tras recibir informaci\u00f3n sobre la venta de una motocicleta posiblemente sustra\u00edda, personal policial llev\u00f3 adelante tareas investigativas con el fin de establecer si el rodado que estaba siendo vendido mediante la red social Facebook era el denunciado meses atr\u00e1s.<\/p>\n\n\n\n<p>Una vez detectadas las caracter\u00edsticas particulares de la moto, se solicito allanamiento a la Unidad Fiscal de Atenci\u00f3n Primaria, realizando dicha medida judicial en una vivienda ubicada en calle p\u00fablica s\/n B\u00b0 Chacra de Paran\u00e1.<\/p>\n\n\n\n<p>Una vez en el lugar y luego de chequear el cuadro y motor, se constat\u00f3 que se trataba del motoveh\u00edculo robado con anterioridad. Un joven de 26 a\u00f1os de edad, fue identificado quedando supeditado a la causa.<\/p>\n","protected":false},"excerpt":{"rendered":"<p>Personal de Divisi&oacute;n Robos y Hurtos procedi&oacute; secuestr&oacute; durante el fin de semana, de una moto que hab&iacute;a sido robada en febrero, en Paran&aacute; y que estaba siendo publicada en Facebook, por qui&eacute;n la hab&iacute;a sustra&iacute;do. Tras recibir informaci&oacute;n sobre la venta de una motocicleta posiblemente sustra&iacute;da, personal policial llev&oacute; adelante tareas investigativas con el [&hellip;]<\/p>\n","protected":false},"author":2,"featured_media":12344,"comment_status":"open","ping_status":"open","sticky":false,"template":"","format":"standard","meta":{"footnotes":""},"categories":[3,8],"tags":[4847,388,147,517],"class_list":["post-12343","post","type-post","status-publish","format-standard","has-post-thumbnail","hentry","category-locales","category-policiales","tag-facebook","tag-moto","tag-robo","tag-venta"],"_links":{"self":[{"href":"https:\/\/impactodenoticias.com.ar\/index.php?rest_route=\/wp\/v2\/posts\/12343","targetHints":{"allow":["GET"]}}],"collection":[{"href":"https:\/\/impactodenoticias.com.ar\/index.php?rest_route=\/wp\/v2\/posts"}],"about":[{"href":"https:\/\/impactodenoticias.com.ar\/index.php?rest_route=\/wp\/v2\/types\/post"}],"author":[{"embeddable":true,"href":"https:\/\/impactodenoticias.com.ar\/index.php?rest_route=\/wp\/v2\/users\/2"}],"replies":[{"embeddable":true,"href":"https:\/\/impactodenoticias.com.ar\/index.php?rest_route=%2Fwp%2Fv2%2Fcomments&post=12343"}],"version-history":[{"count":1,"href":"https:\/\/impactodenoticias.com.ar\/index.php?rest_route=\/wp\/v2\/posts\/12343\/revisions"}],"predecessor-version":[{"id":12345,"href":"https:\/\/impactodenoticias.com.ar\/index.php?rest_route=\/wp\/v2\/posts\/12343\/revisions\/12345"}],"wp:featuredmedia":[{"embeddable":true,"href":"https:\/\/impactodenoticias.com.ar\/index.php?rest_route=\/wp\/v2\/media\/12344"}],"wp:attachment":[{"href":"https:\/\/impactodenoticias.com.ar\/index.php?rest_route=%2Fwp%2Fv2%2Fmedia&parent=12343"}],"wp:term":[{"taxonomy":"category","embeddable":true,"href":"https:\/\/impactodenoticias.com.ar\/index.php?rest_route=%2Fwp%2Fv2%2Fcategories&post=12343"},{"taxonomy":"post_tag","embeddable":true,"href":"https:\/\/impactodenoticias.com.ar\/index.php?rest_route=%2Fwp%2Fv2%2Ftags&post=12343"}],"curies":[{"name":"wp","href":"https:\/\/api.w.org\/{rel}","templated":true}]}}