{"id":12346,"date":"2025-03-17T10:53:59","date_gmt":"2025-03-17T13:53:59","guid":{"rendered":"https:\/\/impactodenoticias.com.ar\/?p=12346"},"modified":"2025-03-18T10:25:18","modified_gmt":"2025-03-18T13:25:18","slug":"la-situacion-tiende-a-agravarsedestaco-el-rector-de-la-uner","status":"publish","type":"post","link":"https:\/\/impactodenoticias.com.ar\/?p=12346","title":{"rendered":"\u201cLa situaci\u00f3n tiende a agravarse\u201d,destac\u00f3 el rector de la UNER"},"content":{"rendered":"\n<h2 class=\"wp-block-heading\">Las universidades nacionales de todo el pa\u00eds, incluida la de Entre R\u00edos, no comenzar\u00e1n las clases este lunes como indica por calendario acad\u00e9mico, esto se debe al paro de 48 horas dispuesto hasta este martes por los sindicatos de docentes y de trabajadores administrativos y de servicios. El reclamo es por aumentos de salarios y de presupuesto.<\/h2>\n\n\n\n<p>El rector de la UNER, Andr\u00e9s Sabella, se\u00f1al\u00f3 en declaraciones a los medios, que el sistema universitario argentino \u201cva a atravesar un a\u00f1o muy complicado, en principio porque Argentina no tiene presupuesto 2025, lo que pone a las instituciones p\u00fablicas en incertidumbre sobre sus posibilidades econ\u00f3micas y financieras\u201d.<\/p>\n\n\n\n<p>El rector alert\u00f3 adem\u00e1s, que el salario de los trabajadores docentes y no docentes universitarios perdi\u00f3 35% de poder adquisitivo en 2024 y que los aumentos salariales de este a\u00f1o \u201ctambi\u00e9n est\u00e1n por debajo de los \u00edndices inflacionarios\u201d.<\/p>\n\n\n\n<p>Adem\u00e1s, ratific\u00f3 el comunicado del Consejo Interuniversitario Nacional (CIN), donde concluyen los rectores de todas las universidades del pa\u00eds, que con el t\u00edtulo \u201cNuevo a\u00f1o, los mismos problemas\u201d cuestion\u00f3 que el desfinanciamiento del gobierno nacional sigue afectando \u201cbecas, problemas de infraestructura y dificultades del sistema cientifico tecnol\u00f3gico\u201d son los mismos\u201d. Sumado a la insuficiencia salarial ya mencionada.<\/p>\n\n\n\n<p>Sabella subray\u00f3 que en 2025 la UNER recibi\u00f3 a 6.500 ingresantes, cifra similar al a\u00f1o pasado, de la cual \u201cel 90% son de Entre R\u00edos\u201d, valor\u00f3. \u201cLa educaci\u00f3n sigue siendo el mejor camino para el ascenso social, para tener puestos laborales dignos y desarrollarse como personas\u201d, cerr\u00f3 el rector.<\/p>\n\n\n\n<p>El paro de este jueves afecta a las sedes de la Universidad en Paran\u00e1 y Oro Verde, Concordia, Concepci\u00f3n del Uruguay, Gualeguaych\u00fa y Villaguay.<\/p>\n\n\n\n<p>Por su parte que Diego Zanetti, docente de la Facultad de Bromatolog\u00eda, reafirm\u00f3: \u201cEstamos padeciendo otra vez el impacto del desfinanciamiento del gobierno nacional contra las universidades, el recorte de financiamiento super\u00f3 ampliamente el 150%\u201d, y lament\u00f3: \u201cEstamos trabajando con un presupuesto reconducido desde el 2023. Las partidas se asignan mes a mes, a dedo\u201d, finaliz\u00f3.<\/p>\n","protected":false},"excerpt":{"rendered":"<p>Las universidades nacionales de todo el pa&iacute;s, incluida la de Entre R&iacute;os, no comenzar&aacute;n las clases este lunes como indica por calendario acad&eacute;mico, esto se debe al paro de 48 horas dispuesto hasta este martes por los sindicatos de docentes y de trabajadores administrativos y de servicios. El reclamo es por aumentos de salarios y [&hellip;]<\/p>\n","protected":false},"author":2,"featured_media":12347,"comment_status":"open","ping_status":"open","sticky":false,"template":"","format":"standard","meta":{"footnotes":""},"categories":[11,4,49],"tags":[1901,59,753,2350],"class_list":["post-12346","post","type-post","status-publish","format-standard","has-post-thumbnail","hentry","category-politica","category-provinciales","category-sociedad","tag-andres-sabella","tag-paro","tag-uner","tag-universidades"],"_links":{"self":[{"href":"https:\/\/impactodenoticias.com.ar\/index.php?rest_route=\/wp\/v2\/posts\/12346","targetHints":{"allow":["GET"]}}],"collection":[{"href":"https:\/\/impactodenoticias.com.ar\/index.php?rest_route=\/wp\/v2\/posts"}],"about":[{"href":"https:\/\/impactodenoticias.com.ar\/index.php?rest_route=\/wp\/v2\/types\/post"}],"author":[{"embeddable":true,"href":"https:\/\/impactodenoticias.com.ar\/index.php?rest_route=\/wp\/v2\/users\/2"}],"replies":[{"embeddable":true,"href":"https:\/\/impactodenoticias.com.ar\/index.php?rest_route=%2Fwp%2Fv2%2Fcomments&post=12346"}],"version-history":[{"count":1,"href":"https:\/\/impactodenoticias.com.ar\/index.php?rest_route=\/wp\/v2\/posts\/12346\/revisions"}],"predecessor-version":[{"id":12348,"href":"https:\/\/impactodenoticias.com.ar\/index.php?rest_route=\/wp\/v2\/posts\/12346\/revisions\/12348"}],"wp:featuredmedia":[{"embeddable":true,"href":"https:\/\/impactodenoticias.com.ar\/index.php?rest_route=\/wp\/v2\/media\/12347"}],"wp:attachment":[{"href":"https:\/\/impactodenoticias.com.ar\/index.php?rest_route=%2Fwp%2Fv2%2Fmedia&parent=12346"}],"wp:term":[{"taxonomy":"category","embeddable":true,"href":"https:\/\/impactodenoticias.com.ar\/index.php?rest_route=%2Fwp%2Fv2%2Fcategories&post=12346"},{"taxonomy":"post_tag","embeddable":true,"href":"https:\/\/impactodenoticias.com.ar\/index.php?rest_route=%2Fwp%2Fv2%2Ftags&post=12346"}],"curies":[{"name":"wp","href":"https:\/\/api.w.org\/{rel}","templated":true}]}}