{"id":12357,"date":"2025-03-17T17:48:55","date_gmt":"2025-03-17T20:48:55","guid":{"rendered":"https:\/\/impactodenoticias.com.ar\/?p=12357"},"modified":"2025-03-17T17:48:56","modified_gmt":"2025-03-17T20:48:56","slug":"elecciones-ucr-parana-exhibe-el-sello-de-dos-dirigentes-con-historia-y-trayectoria-en-el-radicalismo","status":"publish","type":"post","link":"https:\/\/impactodenoticias.com.ar\/?p=12357","title":{"rendered":"Elecciones UCR: Paran\u00e1 exhibe el sello de dos dirigentes con historia y trayectoria en el radicalismo"},"content":{"rendered":"\n<h2 class=\"wp-block-heading\">El armado de las listas para renovaci\u00f3n de autoridades partidarias de la Uni\u00f3n C\u00edvica Radical que se terminar\u00e1 de concretar en los pr\u00f3ximos d\u00edas, dejo algunas interpretaciones sobresalientes.<\/h2>\n\n\n\n<p>Por un lado, se ratific\u00f3 en Paran\u00e1 la hegemon\u00eda electoral que desde hace a\u00f1os se da en la Capital Provincial. Un dato no menor por cuanto Paran\u00e1 es el distrito electoral m\u00e1s grande de la provincia.<\/p>\n\n\n\n<p>El grupo del Diputado Fabi\u00e1n Rogel y el Varisquismo, que conduce la hija del ex intendente, Lucia Varisco, ex diputada provincial, mantuvieron un casi total dominio del territorio en las 18 seccionales que se compone la ciudad.<\/p>\n\n\n\n<p><\/p>\n\n\n\n<figure class=\"wp-block-image size-full\"><img loading=\"lazy\" decoding=\"async\" width=\"600\" height=\"338\" src=\"https:\/\/impactodenoticias.com.ar\/wp-content\/uploads\/2025\/03\/429959869_951357193658493_5336420847631318616_n.jpg\" alt=\"\" class=\"wp-image-12359\" srcset=\"https:\/\/impactodenoticias.com.ar\/wp-content\/uploads\/2025\/03\/429959869_951357193658493_5336420847631318616_n.jpg 600w, https:\/\/impactodenoticias.com.ar\/wp-content\/uploads\/2025\/03\/429959869_951357193658493_5336420847631318616_n-300x169.jpg 300w\" sizes=\"auto, (max-width: 600px) 100vw, 600px\" \/><\/figure>\n\n\n\n<p><\/p>\n\n\n\n<p>Ese acuerdo interno, del que participaron otros grupos menores, les permiti\u00f3, la ubicaci\u00f3n de varios congresales partidarios, un detalle no menor, cuando en muy breve tiempo deber\u00e1 reunirse el Congreso partidario y definir entre otras cuestiones si se concreta o no una alianza electoral con la Libertad Avanza, para las pr\u00f3ximas elecciones legislativas.<\/p>\n\n\n\n<p><\/p>\n\n\n\n<figure class=\"wp-block-image size-full\"><img loading=\"lazy\" decoding=\"async\" width=\"790\" height=\"474\" src=\"https:\/\/impactodenoticias.com.ar\/wp-content\/uploads\/2025\/03\/1665689993430jpg.webp\" alt=\"\" class=\"wp-image-12360\" srcset=\"https:\/\/impactodenoticias.com.ar\/wp-content\/uploads\/2025\/03\/1665689993430jpg.webp 790w, https:\/\/impactodenoticias.com.ar\/wp-content\/uploads\/2025\/03\/1665689993430jpg-300x180.webp 300w, https:\/\/impactodenoticias.com.ar\/wp-content\/uploads\/2025\/03\/1665689993430jpg-768x461.webp 768w\" sizes=\"auto, (max-width: 790px) 100vw, 790px\" \/><\/figure>\n\n\n\n<p><\/p>\n\n\n\n<p>Rogel retuvo la presidencia del Comit\u00e9 Capital, con Sergio Avero y el varisquismo impuso a Lucia Varisco como primer Congresal provincial. Por su parte el Movimiento de Unidad Radical, se alz\u00f3 tambi\u00e9n con la presidencia de la Juventud Radical, con Serena Ojalvo a la cabeza.<\/p>\n\n\n\n<p>Los Varisco boys recuperaron a su vez varias seccionales estrat\u00e9gicas, lograron integrar otras tantas con cargos directivos e incorpora nombres de su ri\u00f1\u00f3n al Comit\u00e9 Provincial y a la delegaci\u00f3n nacional de la UCR.<\/p>\n\n\n\n<p>As\u00ed las cosas, el mapa electoral de Paran\u00e1, muestra n\u00edtidamente el sello de los dos referentes hist\u00f3ricos del radicalismo. El diputado provincial Fabi\u00e1n Rogel, quien ya manifest\u00f3 su intenci\u00f3n de disputar la senadur\u00eda nacional y Lucia Varisco, cuya gravitaci\u00f3n electoral nunca deja de sorprender y la ubica en los primeros planos en la consideraci\u00f3n pol\u00edtica.<\/p>\n","protected":false},"excerpt":{"rendered":"<p>El armado de las listas para renovaci&oacute;n de autoridades partidarias de la Uni&oacute;n C&iacute;vica Radical que se terminar&aacute; de concretar en los pr&oacute;ximos d&iacute;as, dejo algunas interpretaciones sobresalientes. Por un lado, se ratific&oacute; en Paran&aacute; la hegemon&iacute;a electoral que desde hace a&ntilde;os se da en la Capital Provincial. Un dato no menor por cuanto Paran&aacute; [&hellip;]<\/p>\n","protected":false},"author":2,"featured_media":12358,"comment_status":"open","ping_status":"open","sticky":false,"template":"","format":"standard","meta":{"footnotes":""},"categories":[11,4],"tags":[269,644,4852,4853,2060,216],"class_list":["post-12357","post","type-post","status-publish","format-standard","has-post-thumbnail","hentry","category-politica","category-provinciales","tag-fabian-rogel","tag-libertad-avanza","tag-lucia-varisco","tag-serena-ojalvo","tag-sergio-avero","tag-ucr"],"_links":{"self":[{"href":"https:\/\/impactodenoticias.com.ar\/index.php?rest_route=\/wp\/v2\/posts\/12357","targetHints":{"allow":["GET"]}}],"collection":[{"href":"https:\/\/impactodenoticias.com.ar\/index.php?rest_route=\/wp\/v2\/posts"}],"about":[{"href":"https:\/\/impactodenoticias.com.ar\/index.php?rest_route=\/wp\/v2\/types\/post"}],"author":[{"embeddable":true,"href":"https:\/\/impactodenoticias.com.ar\/index.php?rest_route=\/wp\/v2\/users\/2"}],"replies":[{"embeddable":true,"href":"https:\/\/impactodenoticias.com.ar\/index.php?rest_route=%2Fwp%2Fv2%2Fcomments&post=12357"}],"version-history":[{"count":1,"href":"https:\/\/impactodenoticias.com.ar\/index.php?rest_route=\/wp\/v2\/posts\/12357\/revisions"}],"predecessor-version":[{"id":12361,"href":"https:\/\/impactodenoticias.com.ar\/index.php?rest_route=\/wp\/v2\/posts\/12357\/revisions\/12361"}],"wp:featuredmedia":[{"embeddable":true,"href":"https:\/\/impactodenoticias.com.ar\/index.php?rest_route=\/wp\/v2\/media\/12358"}],"wp:attachment":[{"href":"https:\/\/impactodenoticias.com.ar\/index.php?rest_route=%2Fwp%2Fv2%2Fmedia&parent=12357"}],"wp:term":[{"taxonomy":"category","embeddable":true,"href":"https:\/\/impactodenoticias.com.ar\/index.php?rest_route=%2Fwp%2Fv2%2Fcategories&post=12357"},{"taxonomy":"post_tag","embeddable":true,"href":"https:\/\/impactodenoticias.com.ar\/index.php?rest_route=%2Fwp%2Fv2%2Ftags&post=12357"}],"curies":[{"name":"wp","href":"https:\/\/api.w.org\/{rel}","templated":true}]}}