{"id":12362,"date":"2025-03-17T23:31:11","date_gmt":"2025-03-18T02:31:11","guid":{"rendered":"https:\/\/impactodenoticias.com.ar\/?p=12362"},"modified":"2025-03-19T15:04:29","modified_gmt":"2025-03-19T18:04:29","slug":"crisis-en-la-ucr-impugnaron-la-candidatura-de-francisco-azcue","status":"publish","type":"post","link":"https:\/\/impactodenoticias.com.ar\/?p=12362","title":{"rendered":"Crisis en la UCR: impugnaron la candidatura de Francisco Azcu\u00e9"},"content":{"rendered":"\n<h2 class=\"wp-block-heading\">Finalmente se hizo lugar al pedido de impugnaci\u00f3n de la candidatura de Francisco Azcu\u00e9 por parte del hist\u00f3rico dirigente,<br>Alejandro Carb\u00f3.<\/h2>\n\n\n\n<p><strong>IMPACTO DE NOTICIAS,<\/strong> \u00fanico medio que accedi\u00f3 a la resoluci\u00f3n tomada por las autoridades del centenario partido, haciendo lugar al pedido de Carb\u00f3, habida cuenta que Azcu\u00e9 no puede ser candidato a Presidente del Distrito Entre R\u00edos, por carecer de la antiguedad necesaria, adem\u00e1s de no haber realizado los aportes correspondientes.<\/p>\n\n\n\n<p><\/p>\n\n\n\n<figure class=\"wp-block-image size-large\"><img loading=\"lazy\" decoding=\"async\" width=\"724\" height=\"1024\" src=\"https:\/\/impactodenoticias.com.ar\/wp-content\/uploads\/2025\/03\/RESOLUCION-N132025TE_250317_203210_page-0001-1-724x1024.jpg\" alt=\"\" class=\"wp-image-12364\" srcset=\"https:\/\/impactodenoticias.com.ar\/wp-content\/uploads\/2025\/03\/RESOLUCION-N132025TE_250317_203210_page-0001-1-724x1024.jpg 724w, https:\/\/impactodenoticias.com.ar\/wp-content\/uploads\/2025\/03\/RESOLUCION-N132025TE_250317_203210_page-0001-1-212x300.jpg 212w, https:\/\/impactodenoticias.com.ar\/wp-content\/uploads\/2025\/03\/RESOLUCION-N132025TE_250317_203210_page-0001-1-768x1087.jpg 768w, https:\/\/impactodenoticias.com.ar\/wp-content\/uploads\/2025\/03\/RESOLUCION-N132025TE_250317_203210_page-0001-1-1085x1536.jpg 1085w, https:\/\/impactodenoticias.com.ar\/wp-content\/uploads\/2025\/03\/RESOLUCION-N132025TE_250317_203210_page-0001-1.jpg 1240w\" sizes=\"auto, (max-width: 724px) 100vw, 724px\" \/><\/figure>\n\n\n\n<p><\/p>\n\n\n\n<figure class=\"wp-block-image size-large\"><img loading=\"lazy\" decoding=\"async\" width=\"724\" height=\"1024\" src=\"https:\/\/impactodenoticias.com.ar\/wp-content\/uploads\/2025\/03\/RESOLUCION-N132025TE_250317_203210_page-0005-1-724x1024.jpg\" alt=\"\" class=\"wp-image-12365\" srcset=\"https:\/\/impactodenoticias.com.ar\/wp-content\/uploads\/2025\/03\/RESOLUCION-N132025TE_250317_203210_page-0005-1-724x1024.jpg 724w, https:\/\/impactodenoticias.com.ar\/wp-content\/uploads\/2025\/03\/RESOLUCION-N132025TE_250317_203210_page-0005-1-212x300.jpg 212w, https:\/\/impactodenoticias.com.ar\/wp-content\/uploads\/2025\/03\/RESOLUCION-N132025TE_250317_203210_page-0005-1-768x1087.jpg 768w, https:\/\/impactodenoticias.com.ar\/wp-content\/uploads\/2025\/03\/RESOLUCION-N132025TE_250317_203210_page-0005-1-1085x1536.jpg 1085w, https:\/\/impactodenoticias.com.ar\/wp-content\/uploads\/2025\/03\/RESOLUCION-N132025TE_250317_203210_page-0005-1.jpg 1240w\" sizes=\"auto, (max-width: 724px) 100vw, 724px\" \/><\/figure>\n\n\n\n<p><\/p>\n\n\n\n<p>Cabe recordar que d\u00edas atr\u00e1s Carb\u00f3 le envi\u00f3 una nota a Azcu\u00e9, a modo de aviso sobre la tesitura que tomar\u00eda respecto de su candidatura.<\/p>\n\n\n\n<p><\/p>\n\n\n\n<figure class=\"wp-block-embed is-type-wp-embed is-provider-incrustado wp-block-embed-incrustado\"><div class=\"wp-block-embed__wrapper\">\n<blockquote class=\"wp-embedded-content\" data-secret=\"bP0HzfG9dQ\"><a href=\"https:\/\/impactodenoticias.com.ar\/?p=12184\">Dirigente de la UCR objet\u00f3 la candidatura de Azcu\u00e9 a la presidencia del partido porque no cumplir\u00eda con la Carta Org\u00e1nica<\/a><\/blockquote><iframe loading=\"lazy\" class=\"wp-embedded-content\" sandbox=\"allow-scripts\" security=\"restricted\" style=\"position: absolute; visibility: hidden;\" title=\"\u00abDirigente de la UCR objet\u00f3 la candidatura de Azcu\u00e9 a la presidencia del partido porque no cumplir\u00eda con la Carta Org\u00e1nica\u00bb \u2014 \" src=\"https:\/\/impactodenoticias.com.ar\/?p=12184&#038;embed=true#?secret=tRdHvVn452#?secret=bP0HzfG9dQ\" data-secret=\"bP0HzfG9dQ\" width=\"600\" height=\"338\" frameborder=\"0\" marginwidth=\"0\" marginheight=\"0\" scrolling=\"no\"><\/iframe>\n<\/div><\/figure>\n\n\n\n<p><\/p>\n\n\n\n<p>Noticia en desarrollo\u2026<\/p>\n\n\n\n<p><\/p>\n","protected":false},"excerpt":{"rendered":"<p>Finalmente se hizo lugar al pedido de impugnaci&oacute;n de la candidatura de Francisco Azcu&eacute; por parte del hist&oacute;rico dirigente,Alejandro Carb&oacute;. IMPACTO DE NOTICIAS, &uacute;nico medio que accedi&oacute; a la resoluci&oacute;n tomada por las autoridades del centenario partido, haciendo lugar al pedido de Carb&oacute;, habida cuenta que Azcu&eacute; no puede ser candidato a Presidente del Distrito [&hellip;]<\/p>\n","protected":false},"author":2,"featured_media":12363,"comment_status":"open","ping_status":"open","sticky":false,"template":"","format":"standard","meta":{"footnotes":""},"categories":[11,4],"tags":[4855,4780,33,40,4854,216],"class_list":["post-12362","post","type-post","status-publish","format-standard","has-post-thumbnail","hentry","category-politica","category-provinciales","tag-alejandro-carbo","tag-candidatura","tag-entre-rios","tag-francisco-azcue","tag-impugnacion","tag-ucr"],"_links":{"self":[{"href":"https:\/\/impactodenoticias.com.ar\/index.php?rest_route=\/wp\/v2\/posts\/12362","targetHints":{"allow":["GET"]}}],"collection":[{"href":"https:\/\/impactodenoticias.com.ar\/index.php?rest_route=\/wp\/v2\/posts"}],"about":[{"href":"https:\/\/impactodenoticias.com.ar\/index.php?rest_route=\/wp\/v2\/types\/post"}],"author":[{"embeddable":true,"href":"https:\/\/impactodenoticias.com.ar\/index.php?rest_route=\/wp\/v2\/users\/2"}],"replies":[{"embeddable":true,"href":"https:\/\/impactodenoticias.com.ar\/index.php?rest_route=%2Fwp%2Fv2%2Fcomments&post=12362"}],"version-history":[{"count":2,"href":"https:\/\/impactodenoticias.com.ar\/index.php?rest_route=\/wp\/v2\/posts\/12362\/revisions"}],"predecessor-version":[{"id":12368,"href":"https:\/\/impactodenoticias.com.ar\/index.php?rest_route=\/wp\/v2\/posts\/12362\/revisions\/12368"}],"wp:featuredmedia":[{"embeddable":true,"href":"https:\/\/impactodenoticias.com.ar\/index.php?rest_route=\/wp\/v2\/media\/12363"}],"wp:attachment":[{"href":"https:\/\/impactodenoticias.com.ar\/index.php?rest_route=%2Fwp%2Fv2%2Fmedia&parent=12362"}],"wp:term":[{"taxonomy":"category","embeddable":true,"href":"https:\/\/impactodenoticias.com.ar\/index.php?rest_route=%2Fwp%2Fv2%2Fcategories&post=12362"},{"taxonomy":"post_tag","embeddable":true,"href":"https:\/\/impactodenoticias.com.ar\/index.php?rest_route=%2Fwp%2Fv2%2Ftags&post=12362"}],"curies":[{"name":"wp","href":"https:\/\/api.w.org\/{rel}","templated":true}]}}