{"id":12397,"date":"2025-03-18T17:28:46","date_gmt":"2025-03-18T20:28:46","guid":{"rendered":"https:\/\/impactodenoticias.com.ar\/?p=12397"},"modified":"2025-03-19T15:04:04","modified_gmt":"2025-03-19T18:04:04","slug":"duras-criticas-de-medios-de-comunicacion-contra-ezio-gieco","status":"publish","type":"post","link":"https:\/\/impactodenoticias.com.ar\/?p=12397","title":{"rendered":"Duras cr\u00edticas de medios de comunicaci\u00f3n contra Ezio Gieco"},"content":{"rendered":"\n<h2 class=\"wp-block-heading\">Seg\u00fan se desprende de un posteo en las redes sociales, el intendente de Diamante, ser\u00eda parcial en cuanto al pago de pautas publicitarias.<\/h2>\n\n\n\n<p><strong>El posteo completo:<\/strong><\/p>\n\n\n\n<p><em><strong>H2S3 Radio deja de publicar noticias de la Municipalidad de Diamante provenientes del municipio.<\/strong><\/em><\/p>\n\n\n\n<p><em><strong>A trav\u00e9s de este comunicado, desde H2S3 Radio queremos informar a nuestros lectores y seguidores que, a partir de hoy, dejaremos de publicar noticias provenientes de la Municipalidad de Diamante. Esta decisi\u00f3n no ha sido f\u00e1cil, pero la tomamos tras reiterados intentos de comunicaci\u00f3n con la secretar\u00eda de prensa para que nos informen sobre pauta oficial que han quedado sin respuesta.<\/strong><\/em><\/p>\n\n\n\n<p><em><strong>Nos hemos enterado, a trav\u00e9s de conversaciones con otros medios locales, que s\u00ed reciben pauta oficial del municipio. Esta informaci\u00f3n nos ha llevado a concluir que existe una falta de equidad y transparencia en la distribuci\u00f3n de estos recursos.<\/strong><\/em><\/p>\n\n\n\n<p><em><strong>Mientras otros medios reciben apoyo, nosotros, como una emisora joven que apenas comenz\u00f3 a transmitir a finales del a\u00f1o pasado, hemos sido ignorados.<\/strong><\/em><\/p>\n\n\n\n<p><em><strong>Hemos contactado insistentemente a la secretar\u00eda de prensa, pero nuestras peticiones han sido ignoradas. Creemos firmemente que la pauta oficial deber\u00eda distribuirse de manera justa y equitativa entre todos los medios, sin importar su antig\u00fcedad o tama\u00f1o. Esta situaci\u00f3n nos parece una falta de respeto a nuestro trabajo y a nuestra audiencia.<\/strong><\/em><\/p>\n\n\n\n<p><em><strong>Por esta raz\u00f3n, y hasta que se nos garantice un trato igualitario y transparente, hemos tomado la decisi\u00f3n de suspender la publicaci\u00f3n de noticias municipales.<\/strong><\/em><\/p>\n\n\n\n<p><em><strong>Esperamos que esta situaci\u00f3n se resuelva pronto y que el gobierno municipal reconsidere su postura.<\/strong><\/em><\/p>\n\n\n\n<p><strong><em>La Direcci\u00f3n.<\/em><\/strong><\/p>\n\n\n\n<p>Mientras que otros medios de comunicaci\u00f3n si son beneficiados con una suma considerable, aportada por  los diamantinos.<\/p>\n\n\n\n<p><\/p>\n\n\n\n<figure class=\"wp-block-image size-large\"><img loading=\"lazy\" decoding=\"async\" width=\"768\" height=\"1024\" src=\"https:\/\/impactodenoticias.com.ar\/wp-content\/uploads\/2025\/03\/image-1-768x1024.jpg\" alt=\"\" class=\"wp-image-12398\" srcset=\"https:\/\/impactodenoticias.com.ar\/wp-content\/uploads\/2025\/03\/image-1-768x1024.jpg 768w, https:\/\/impactodenoticias.com.ar\/wp-content\/uploads\/2025\/03\/image-1-225x300.jpg 225w, https:\/\/impactodenoticias.com.ar\/wp-content\/uploads\/2025\/03\/image-1.jpg 960w\" sizes=\"auto, (max-width: 768px) 100vw, 768px\" \/><\/figure>\n","protected":false},"excerpt":{"rendered":"<p>Seg&uacute;n se desprende de un posteo en las redes sociales, el intendente de Diamante, ser&iacute;a parcial en cuanto al pago de pautas publicitarias. El posteo completo: H2S3 Radio deja de publicar noticias de la Municipalidad de Diamante provenientes del municipio. A trav&eacute;s de este comunicado, desde H2S3 Radio queremos informar a nuestros lectores y seguidores [&hellip;]<\/p>\n","protected":false},"author":2,"featured_media":12399,"comment_status":"open","ping_status":"open","sticky":false,"template":"","format":"standard","meta":{"footnotes":""},"categories":[3,11,4],"tags":[47,73,356,4867,4868],"class_list":["post-12397","post","type-post","status-publish","format-standard","has-post-thumbnail","hentry","category-locales","category-politica","category-provinciales","tag-criticas","tag-diamante","tag-ezio-gieco","tag-pauta","tag-publicitaria"],"_links":{"self":[{"href":"https:\/\/impactodenoticias.com.ar\/index.php?rest_route=\/wp\/v2\/posts\/12397","targetHints":{"allow":["GET"]}}],"collection":[{"href":"https:\/\/impactodenoticias.com.ar\/index.php?rest_route=\/wp\/v2\/posts"}],"about":[{"href":"https:\/\/impactodenoticias.com.ar\/index.php?rest_route=\/wp\/v2\/types\/post"}],"author":[{"embeddable":true,"href":"https:\/\/impactodenoticias.com.ar\/index.php?rest_route=\/wp\/v2\/users\/2"}],"replies":[{"embeddable":true,"href":"https:\/\/impactodenoticias.com.ar\/index.php?rest_route=%2Fwp%2Fv2%2Fcomments&post=12397"}],"version-history":[{"count":2,"href":"https:\/\/impactodenoticias.com.ar\/index.php?rest_route=\/wp\/v2\/posts\/12397\/revisions"}],"predecessor-version":[{"id":12401,"href":"https:\/\/impactodenoticias.com.ar\/index.php?rest_route=\/wp\/v2\/posts\/12397\/revisions\/12401"}],"wp:featuredmedia":[{"embeddable":true,"href":"https:\/\/impactodenoticias.com.ar\/index.php?rest_route=\/wp\/v2\/media\/12399"}],"wp:attachment":[{"href":"https:\/\/impactodenoticias.com.ar\/index.php?rest_route=%2Fwp%2Fv2%2Fmedia&parent=12397"}],"wp:term":[{"taxonomy":"category","embeddable":true,"href":"https:\/\/impactodenoticias.com.ar\/index.php?rest_route=%2Fwp%2Fv2%2Fcategories&post=12397"},{"taxonomy":"post_tag","embeddable":true,"href":"https:\/\/impactodenoticias.com.ar\/index.php?rest_route=%2Fwp%2Fv2%2Ftags&post=12397"}],"curies":[{"name":"wp","href":"https:\/\/api.w.org\/{rel}","templated":true}]}}