{"id":12433,"date":"2025-03-20T10:03:03","date_gmt":"2025-03-20T13:03:03","guid":{"rendered":"https:\/\/impactodenoticias.com.ar\/?p=12433"},"modified":"2025-03-20T10:33:38","modified_gmt":"2025-03-20T13:33:38","slug":"confirmaron-la-identidad-del-cuerpo-encontrado-en-parana","status":"publish","type":"post","link":"https:\/\/impactodenoticias.com.ar\/?p=12433","title":{"rendered":"Confirmaron la identidad del cuerpo encontrado en Paran\u00e1"},"content":{"rendered":"\n<h2 class=\"wp-block-heading\">Se trata de un muchacho fue visto por \u00faltima vez el 19 de febrero. Su familia hab\u00eda efectivizado la denuncia por su paradero d\u00edas despu\u00e9s y solicit\u00f3 ayuda para que se lo buscara.<\/h2>\n\n\n\n<p>Fiscal\u00eda confirm\u00f3 que el cad\u00e1ver hallado el martes a la noche en la zona de Avenida Ej\u00e9rcito y El Paracao de Paran\u00e1 pertenece a un joven que era intensamente buscado desde fines de febrero.<\/p>\n\n\n\n<p>La informaci\u00f3n surgida de la investigaci\u00f3n precisa que los restos son de Agust\u00edn Gabriel G\u00f3mez Falconier. El muchacho fue visto por \u00faltima vez el 19 de febrero. Su familia radic\u00f3 una denuncia por su paradero d\u00edas despu\u00e9s y exigi\u00f3 ayuda para que se lo localizara.<\/p>\n\n\n\n<p>Entre las ropas del cuerpo encontrado en el descampado de la capital estaba el DNI del muchacho. Este jueves desde la justicia indicaron que se trata del joven. La principal hip\u00f3tesis de su muerte apunta a un suicidio.<\/p>\n","protected":false},"excerpt":{"rendered":"<p>Se trata de un muchacho fue visto por &uacute;ltima vez el 19 de febrero. Su familia hab&iacute;a efectivizado la denuncia por su paradero d&iacute;as despu&eacute;s y solicit&oacute; ayuda para que se lo buscara. Fiscal&iacute;a confirm&oacute; que el cad&aacute;ver hallado el martes a la noche en la zona de Avenida Ej&eacute;rcito y El Paracao de Paran&aacute; [&hellip;]<\/p>\n","protected":false},"author":2,"featured_media":12434,"comment_status":"open","ping_status":"open","sticky":false,"template":"","format":"standard","meta":{"footnotes":""},"categories":[3,8],"tags":[4879,260,2936,4877],"class_list":["post-12433","post","type-post","status-publish","format-standard","has-post-thumbnail","hentry","category-locales","category-policiales","tag-agustin-gabriel-gomez-falconier","tag-cuerpo","tag-hallado","tag-identificaron"],"_links":{"self":[{"href":"https:\/\/impactodenoticias.com.ar\/index.php?rest_route=\/wp\/v2\/posts\/12433","targetHints":{"allow":["GET"]}}],"collection":[{"href":"https:\/\/impactodenoticias.com.ar\/index.php?rest_route=\/wp\/v2\/posts"}],"about":[{"href":"https:\/\/impactodenoticias.com.ar\/index.php?rest_route=\/wp\/v2\/types\/post"}],"author":[{"embeddable":true,"href":"https:\/\/impactodenoticias.com.ar\/index.php?rest_route=\/wp\/v2\/users\/2"}],"replies":[{"embeddable":true,"href":"https:\/\/impactodenoticias.com.ar\/index.php?rest_route=%2Fwp%2Fv2%2Fcomments&post=12433"}],"version-history":[{"count":2,"href":"https:\/\/impactodenoticias.com.ar\/index.php?rest_route=\/wp\/v2\/posts\/12433\/revisions"}],"predecessor-version":[{"id":12456,"href":"https:\/\/impactodenoticias.com.ar\/index.php?rest_route=\/wp\/v2\/posts\/12433\/revisions\/12456"}],"wp:featuredmedia":[{"embeddable":true,"href":"https:\/\/impactodenoticias.com.ar\/index.php?rest_route=\/wp\/v2\/media\/12434"}],"wp:attachment":[{"href":"https:\/\/impactodenoticias.com.ar\/index.php?rest_route=%2Fwp%2Fv2%2Fmedia&parent=12433"}],"wp:term":[{"taxonomy":"category","embeddable":true,"href":"https:\/\/impactodenoticias.com.ar\/index.php?rest_route=%2Fwp%2Fv2%2Fcategories&post=12433"},{"taxonomy":"post_tag","embeddable":true,"href":"https:\/\/impactodenoticias.com.ar\/index.php?rest_route=%2Fwp%2Fv2%2Ftags&post=12433"}],"curies":[{"name":"wp","href":"https:\/\/api.w.org\/{rel}","templated":true}]}}