{"id":1251,"date":"2024-07-18T09:50:18","date_gmt":"2024-07-18T12:50:18","guid":{"rendered":"https:\/\/impactodenoticias.com.ar\/?p=1251"},"modified":"2024-07-18T09:50:19","modified_gmt":"2024-07-18T12:50:19","slug":"santa-elena-prision-domiciliaria-a-la-abogada-detenida-por-narcotrafico","status":"publish","type":"post","link":"https:\/\/impactodenoticias.com.ar\/?p=1251","title":{"rendered":"Santa Elena: prisi\u00f3n domiciliaria a la abogada detenida por narcotr\u00e1fico"},"content":{"rendered":"\n<p><strong>Avanza la investigaci\u00f3n a una banda de narcomenudeo de la ciudad de Santa Elena.<\/strong><\/p>\n\n\n\n<p>Mientras se siguen analizando pruebas en el marco de la investigaci\u00f3n a una banda de narcomenudeo de la ciudad de Santa Elena, esta semana vencieron las medidas cautelares impuestas por el Juzgado de Garant\u00edas de La Paz sobre los siete acusados. Dos mujeres, madre e hija, estaban alojadas en la Jefatura Departamental con prisi\u00f3n preventiva, y ahora la abogada Aixa Schnitman, quien trabajaba, continuar\u00e1 detenida pero con domiciliaria, mientras que su madre, Lourdes Ram\u00edrez, permanecer\u00e1 arrestada en la Jefatura Departamental por un tiempo m\u00e1s.<\/p>\n\n\n\n<p>Hace un mes atr\u00e1s se llevaron a cabo allanamientos, luego de las investigaciones policiales que acumul\u00f3 evidencias del accionar del grupo que traficaba coca\u00edna en Santa Elena. Las pruebas reunidas en la investigaci\u00f3n instruida por el fiscal Facundo Barboza y efectivizada por la Divisi\u00f3n Toxicolog\u00eda y la Prefectura Naval Argentina de La Paz, son bastante comprometedoras, desde las escuchas telef\u00f3nicas y el material reunido en vigilancias, hasta el kilo y medio de coca\u00edna y unos 9 millones de pesos incautados en los allanamientos que desarticularon la banda.<\/p>\n\n\n\n<p>En di\u00e1logo con Radio Plaza (94.7), el fiscal Barboza expres\u00f3 al respecto: \u201cEs una causa de complejidad, que se sigue investigando, es decir que seguimos en etapa de recolecci\u00f3n de evidencia para reconstruir no solo la actividad en s\u00ed, sino la forma de organizaci\u00f3n que esta actividad revest\u00eda. Hab\u00eda dos personas con prisi\u00f3n preventiva de car\u00e1cter efectivo y actualmente sea morigerado su situaci\u00f3n procesal en direcci\u00f3n a un red domiciliario, no porque se haya alivianados el peso de su intervenci\u00f3n o la evidencia que se tiene en su contra, sino porque en estos casos uno siempre est\u00e1 sopesando c\u00f3mo investigar teniendo siempre a la vista un men\u00fa de opciones en cuanto a la restricci\u00f3n de libertad de las personas y aplicando siempre aquella medida que se considere m\u00e1s adecuada en el caso concreto, es decir, aquella medida que sin ser la m\u00e1s gravosa, nos permita, no obstante, seguir investigando sin riesgo de entorpecimiento\u201d, se\u00f1al\u00f3.<\/p>\n\n\n\n<p>Y agreg\u00f3 que: que el tipo de causa por narcomenudeo, diferente a la mayor\u00eda que se tramitan por este delito: \u201cNo es una causa de un cl\u00e1sico quiosquito o b\u00fanker de droga, que tampoco lo son as\u00ed la mayor\u00eda de las causas desde el comienzo de la pandemia hasta ahora. La estructura cl\u00e1sica del quiosquito como se la conceb\u00eda en el momento de la sanci\u00f3n de la Ley de narcomenudeo all\u00e1 por el 2018, se vio alterada con la pandemia donde se ha dejado de ver cada vez m\u00e1s el quiosquito y se ha empezado a ver cada vez m\u00e1s la venta de estupefacientes bajo la modalidad delivery. Pero, por otro lado, bueno, tiene la peculiaridad de esta causa, como ha tenido alguna otra que hemos tramitado en la Fiscal\u00eda, donde existe alg\u00fan tipo de diversificaci\u00f3n funcional. Es decir, donde existen personas que adquieren y venden, y a su vez le venden no solo a consumidores finales, sino que tambi\u00e9n proveen de sustancias a otras personas para que vendan por cuenta de ellas. Y se observa tambi\u00e9n en la estructura, personas que son encargada de resguardar la sustancia a disponibilidad de aquellas personas que venden.<\/p>\n\n\n\n<p>Adem\u00e1s Barboza hizo referencia a lo que se ha avanzado con las pericias y lo que resta por analizar para, eventualmente, buscar otros nexos de la actividad delictiva organizada: \u201cTodo lo que es pericia tendiente a no solo esclarecer la actividad il\u00edcita, investigar a fondo qu\u00e9 es lo que se hac\u00eda, sino fundamentalmente c\u00f3mo se hac\u00eda, qui\u00e9n con qui\u00e9n lo hac\u00eda, en algo que se est\u00e1 encaminado, se han ordenado las pericias de tel\u00e9fonos celulares. Hay que comprender que la pericia de tel\u00e9fono celular no es meramente enchufar el aparato a un software y que saque todo lo que tiene adentro, sino que eso requiere en muchos casos vulnerar determinado sistema de seguridad, acceder al tel\u00e9fono, obtener la totalidad de informaci\u00f3n, y despu\u00e9s lo que es m\u00e1s importante de todo en estas situaciones donde se investiga el delito organizado, es el an\u00e1lisis de la informaci\u00f3n, el proceso de an\u00e1lisis en lo que es la inteligencia criminal\u201d, concluy\u00f3.<\/p>\n","protected":false},"excerpt":{"rendered":"<p>Avanza la investigaci&oacute;n a una banda de narcomenudeo de la ciudad de Santa Elena. Mientras se siguen analizando pruebas en el marco de la investigaci&oacute;n a una banda de narcomenudeo de la ciudad de Santa Elena, esta semana vencieron las medidas cautelares impuestas por el Juzgado de Garant&iacute;as de La Paz sobre los siete acusados. [&hellip;]<\/p>\n","protected":false},"author":2,"featured_media":1252,"comment_status":"open","ping_status":"open","sticky":false,"template":"","format":"standard","meta":{"footnotes":""},"categories":[90,8,4],"tags":[626,627,439],"class_list":["post-1251","post","type-post","status-publish","format-standard","has-post-thumbnail","hentry","category-judicial","category-policiales","category-provinciales","tag-aixa-schnitman","tag-facundo-barboza","tag-santa-elena"],"_links":{"self":[{"href":"https:\/\/impactodenoticias.com.ar\/index.php?rest_route=\/wp\/v2\/posts\/1251","targetHints":{"allow":["GET"]}}],"collection":[{"href":"https:\/\/impactodenoticias.com.ar\/index.php?rest_route=\/wp\/v2\/posts"}],"about":[{"href":"https:\/\/impactodenoticias.com.ar\/index.php?rest_route=\/wp\/v2\/types\/post"}],"author":[{"embeddable":true,"href":"https:\/\/impactodenoticias.com.ar\/index.php?rest_route=\/wp\/v2\/users\/2"}],"replies":[{"embeddable":true,"href":"https:\/\/impactodenoticias.com.ar\/index.php?rest_route=%2Fwp%2Fv2%2Fcomments&post=1251"}],"version-history":[{"count":1,"href":"https:\/\/impactodenoticias.com.ar\/index.php?rest_route=\/wp\/v2\/posts\/1251\/revisions"}],"predecessor-version":[{"id":1253,"href":"https:\/\/impactodenoticias.com.ar\/index.php?rest_route=\/wp\/v2\/posts\/1251\/revisions\/1253"}],"wp:featuredmedia":[{"embeddable":true,"href":"https:\/\/impactodenoticias.com.ar\/index.php?rest_route=\/wp\/v2\/media\/1252"}],"wp:attachment":[{"href":"https:\/\/impactodenoticias.com.ar\/index.php?rest_route=%2Fwp%2Fv2%2Fmedia&parent=1251"}],"wp:term":[{"taxonomy":"category","embeddable":true,"href":"https:\/\/impactodenoticias.com.ar\/index.php?rest_route=%2Fwp%2Fv2%2Fcategories&post=1251"},{"taxonomy":"post_tag","embeddable":true,"href":"https:\/\/impactodenoticias.com.ar\/index.php?rest_route=%2Fwp%2Fv2%2Ftags&post=1251"}],"curies":[{"name":"wp","href":"https:\/\/api.w.org\/{rel}","templated":true}]}}