{"id":12530,"date":"2025-03-24T11:03:20","date_gmt":"2025-03-24T14:03:20","guid":{"rendered":"https:\/\/impactodenoticias.com.ar\/?p=12530"},"modified":"2025-03-25T10:28:20","modified_gmt":"2025-03-25T13:28:20","slug":"asesinaron-a-un-hombre-a-tiros-en-parana","status":"publish","type":"post","link":"https:\/\/impactodenoticias.com.ar\/?p=12530","title":{"rendered":"Asesinaron a un hombre a tiros en Paran\u00e1"},"content":{"rendered":"\n<h2 class=\"wp-block-heading\">El hecho sucedi\u00f3 en calle Francia y Pedro Londero de la ciudad. La v\u00edctima no era de la zona. Ya hay un detenido por el crimen.<\/h2>\n\n\n\n<p>Un hombre fue asesinado este domingo a tiros en Paran\u00e1. El crimen se registr\u00f3 cerca de las 14, en un domicilio en zona de Francia y Pedro Londero, en el barrio conocido como \u00abVilla Corpi\u00f1o\u00bb. Intervino la Divisi\u00f3n Investigaciones y tratan de identificar a la v\u00edctima, que es mayor de edad, confirmaron fuentes policiales a<strong> IMPACTO DE NOTICIAS<\/strong>.<\/p>\n\n\n\n<p><\/p>\n\n\n\n<figure class=\"wp-block-image size-large\"><img loading=\"lazy\" decoding=\"async\" width=\"1024\" height=\"642\" src=\"https:\/\/impactodenoticias.com.ar\/wp-content\/uploads\/2025\/03\/Asesinato-parana-1-1024x642.png\" alt=\"\" class=\"wp-image-12532\" srcset=\"https:\/\/impactodenoticias.com.ar\/wp-content\/uploads\/2025\/03\/Asesinato-parana-1-1024x642.png 1024w, https:\/\/impactodenoticias.com.ar\/wp-content\/uploads\/2025\/03\/Asesinato-parana-1-300x188.png 300w, https:\/\/impactodenoticias.com.ar\/wp-content\/uploads\/2025\/03\/Asesinato-parana-1-768x481.png 768w, https:\/\/impactodenoticias.com.ar\/wp-content\/uploads\/2025\/03\/Asesinato-parana-1.png 1101w\" sizes=\"auto, (max-width: 1024px) 100vw, 1024px\" \/><\/figure>\n\n\n\n<p><\/p>\n\n\n\n<p>En horas de la tarde, una serie de disparos de un arma, desat\u00f3 gran temor entre los vecinos, cercanos a la vivienda. Ocasionales testidos, vieron salir a dos j\u00f3venes por el frente de esa casa y a otro, con un arma en la mano, por el fondo.<\/p>\n\n\n\n<p>Un joven de 24 fue arrestado como principal sospechoso del crimen de un hombre de unos 30 a\u00f1os.<\/p>\n\n\n\n<p>Trascendi\u00f3 que una mujer con la que hab\u00eda peleado una hora antes le hab\u00eda jurado una venganza, lo que supondr\u00eda que desencaden\u00f3 el fatal desenlace.<\/p>\n\n\n\n<p>La persona presuntamente asesinada, no fue identificada hasta el momento, ya que no ten\u00eda DNI consigo ni se ha presentado un familiar a reconocerlo. En ese domicilio, el hombre resid\u00eda desde hac\u00eda unos dos meses.<\/p>\n","protected":false},"excerpt":{"rendered":"<p>El hecho sucedi&oacute; en calle Francia y Pedro Londero de la ciudad. La v&iacute;ctima no era de la zona. Ya hay un detenido por el crimen. Un hombre fue asesinado este domingo a tiros en Paran&aacute;. El crimen se registr&oacute; cerca de las 14, en un domicilio en zona de Francia y Pedro Londero, en [&hellip;]<\/p>\n","protected":false},"author":2,"featured_media":12531,"comment_status":"open","ping_status":"open","sticky":false,"template":"","format":"standard","meta":{"footnotes":""},"categories":[3,8],"tags":[110,1145,175,95,4916],"class_list":["post-12530","post","type-post","status-publish","format-standard","has-post-thumbnail","hentry","category-locales","category-policiales","tag-asesinato","tag-barrio","tag-detenido","tag-parana","tag-villa-corpino"],"_links":{"self":[{"href":"https:\/\/impactodenoticias.com.ar\/index.php?rest_route=\/wp\/v2\/posts\/12530","targetHints":{"allow":["GET"]}}],"collection":[{"href":"https:\/\/impactodenoticias.com.ar\/index.php?rest_route=\/wp\/v2\/posts"}],"about":[{"href":"https:\/\/impactodenoticias.com.ar\/index.php?rest_route=\/wp\/v2\/types\/post"}],"author":[{"embeddable":true,"href":"https:\/\/impactodenoticias.com.ar\/index.php?rest_route=\/wp\/v2\/users\/2"}],"replies":[{"embeddable":true,"href":"https:\/\/impactodenoticias.com.ar\/index.php?rest_route=%2Fwp%2Fv2%2Fcomments&post=12530"}],"version-history":[{"count":2,"href":"https:\/\/impactodenoticias.com.ar\/index.php?rest_route=\/wp\/v2\/posts\/12530\/revisions"}],"predecessor-version":[{"id":12535,"href":"https:\/\/impactodenoticias.com.ar\/index.php?rest_route=\/wp\/v2\/posts\/12530\/revisions\/12535"}],"wp:featuredmedia":[{"embeddable":true,"href":"https:\/\/impactodenoticias.com.ar\/index.php?rest_route=\/wp\/v2\/media\/12531"}],"wp:attachment":[{"href":"https:\/\/impactodenoticias.com.ar\/index.php?rest_route=%2Fwp%2Fv2%2Fmedia&parent=12530"}],"wp:term":[{"taxonomy":"category","embeddable":true,"href":"https:\/\/impactodenoticias.com.ar\/index.php?rest_route=%2Fwp%2Fv2%2Fcategories&post=12530"},{"taxonomy":"post_tag","embeddable":true,"href":"https:\/\/impactodenoticias.com.ar\/index.php?rest_route=%2Fwp%2Fv2%2Ftags&post=12530"}],"curies":[{"name":"wp","href":"https:\/\/api.w.org\/{rel}","templated":true}]}}