{"id":12552,"date":"2025-03-25T10:06:17","date_gmt":"2025-03-25T13:06:17","guid":{"rendered":"https:\/\/impactodenoticias.com.ar\/?p=12552"},"modified":"2025-04-08T20:17:04","modified_gmt":"2025-04-08T23:17:04","slug":"fue-identificado-el-dueno-de-la-avioneta-hallada-en-la-paz","status":"publish","type":"post","link":"https:\/\/impactodenoticias.com.ar\/?p=12552","title":{"rendered":"Fue identificado el due\u00f1o de la avioneta hallada en La Paz"},"content":{"rendered":"\n<h2 class=\"wp-block-heading\">La aeronave narco que fue abandonada en un campo de San Gustavo con rastros de coca\u00edna pertenece a un piloto boliviano. A\u00fan no encontraron a la persona que la conduc\u00eda.<\/h2>\n\n\n\n<p>Se conoci\u00f3 la identidad del due\u00f1o de la aeronave, si bien aun no est\u00e1 confirmado que sea quien la haya volado al momento del inconveniente que oblig\u00f3 a dejarla abandonada en suelo entrerriano.<\/p>\n\n\n\n<p>El avi\u00f3n es un Cessna 206 y est\u00e1 registrado en Bolivia a nombre de Kevin Roca Alpire, un piloto profesional boliviano de 63 a\u00f1os. No se sabe a\u00fan si era quien conduc\u00ed la avioneta el jueves por la tarde en un sembrado de soja cercano a San Gustavo, en el norte de Entre R\u00edos. El avi\u00f3n ten\u00eda puesta una patente falsa argentina, que ocultaba la placa boliviana.<\/p>\n\n\n\n<p>Cabe recordar que Kevin Roca Alpire estuvo involucrado en un tr\u00e1gico accidente a\u00e9reo en noviembre de 2013 en Riberalta, una ciudad del norte boliviano cercana a la frontera con Brasil. En aquella ocasi\u00f3n Roca Alpire pilotaba un avi\u00f3n comercial de la empresa Aerocon, que se despist\u00f3 y se incendi\u00f3. En el accidente a\u00e9reo murieron ocho personas y hubo m\u00e1s de 10 heridos de gravedad y el piloto fue imputado por homicidio culposo y lesiones graves, junto con la copiloto Cecilia Sdenka Tapia Salinas.<\/p>\n\n\n\n<p>La investigaci\u00f3n del Ministerio de Seguridad de Entre R\u00edos a partir de la nacionalidad de la aeronave, llev\u00f3 a los investigadores hacia los registros de propiedad del pa\u00eds andino, donde Roca Alpire figura como propietario de la nave ca\u00cdda en La Paz.<\/p>\n\n\n\n<p>La avioneta ten\u00eda indicios evidentes de haber sido utilizada para transportar coca\u00edna desde Bolivia y haber sufrido un desperfecto mec\u00e1nico que la oblig\u00f3 a realizar un aterrizaje de emergencia, para luego ser abandonada en el campo. Un perro detector de narc\u00f3ticos de la Polic\u00eda entrerriana encontr\u00f3 \u201color muerto\u201d de este estupefaciente en el interior de la nave.<\/p>\n\n\n\n<p>El caso gener\u00f3 gran similitud con el de otra avioneta oriunda de Bolivia encontrada en enero pasado en la zona de Ibicuy, al sur de Entre R\u00edos, con casi 360 kilos de coca\u00edna. La sustancial diferencia en aquella ocasi\u00f3n para desenmara\u00f1ar la trama del tr\u00e1fico de la sustancia fue la detenci\u00f3n del piloto brasile\u00f1o Leonardo Monte Alto y su acompa\u00f1ante boliviana Isabela Calla\u00fa Barriga.<\/p>\n","protected":false},"excerpt":{"rendered":"<p>La aeronave narco que fue abandonada en un campo de San Gustavo con rastros de coca&iacute;na pertenece a un piloto boliviano. A&uacute;n no encontraron a la persona que la conduc&iacute;a. Se conoci&oacute; la identidad del due&ntilde;o de la aeronave, si bien aun no est&aacute; confirmado que sea quien la haya volado al momento del inconveniente [&hellip;]<\/p>\n","protected":false},"author":2,"featured_media":12473,"comment_status":"open","ping_status":"open","sticky":false,"template":"","format":"standard","meta":{"footnotes":""},"categories":[8,4],"tags":[4137,600,74,4921,695,406,4901],"class_list":["post-12552","post","type-post","status-publish","format-standard","has-post-thumbnail","hentry","category-policiales","category-provinciales","tag-avioneta","tag-bolivia","tag-cocaina","tag-kevin-roca-alpire","tag-la-paz","tag-narco","tag-san-gustavo"],"_links":{"self":[{"href":"https:\/\/impactodenoticias.com.ar\/index.php?rest_route=\/wp\/v2\/posts\/12552","targetHints":{"allow":["GET"]}}],"collection":[{"href":"https:\/\/impactodenoticias.com.ar\/index.php?rest_route=\/wp\/v2\/posts"}],"about":[{"href":"https:\/\/impactodenoticias.com.ar\/index.php?rest_route=\/wp\/v2\/types\/post"}],"author":[{"embeddable":true,"href":"https:\/\/impactodenoticias.com.ar\/index.php?rest_route=\/wp\/v2\/users\/2"}],"replies":[{"embeddable":true,"href":"https:\/\/impactodenoticias.com.ar\/index.php?rest_route=%2Fwp%2Fv2%2Fcomments&post=12552"}],"version-history":[{"count":1,"href":"https:\/\/impactodenoticias.com.ar\/index.php?rest_route=\/wp\/v2\/posts\/12552\/revisions"}],"predecessor-version":[{"id":12553,"href":"https:\/\/impactodenoticias.com.ar\/index.php?rest_route=\/wp\/v2\/posts\/12552\/revisions\/12553"}],"wp:featuredmedia":[{"embeddable":true,"href":"https:\/\/impactodenoticias.com.ar\/index.php?rest_route=\/wp\/v2\/media\/12473"}],"wp:attachment":[{"href":"https:\/\/impactodenoticias.com.ar\/index.php?rest_route=%2Fwp%2Fv2%2Fmedia&parent=12552"}],"wp:term":[{"taxonomy":"category","embeddable":true,"href":"https:\/\/impactodenoticias.com.ar\/index.php?rest_route=%2Fwp%2Fv2%2Fcategories&post=12552"},{"taxonomy":"post_tag","embeddable":true,"href":"https:\/\/impactodenoticias.com.ar\/index.php?rest_route=%2Fwp%2Fv2%2Ftags&post=12552"}],"curies":[{"name":"wp","href":"https:\/\/api.w.org\/{rel}","templated":true}]}}