{"id":12557,"date":"2025-03-25T10:27:44","date_gmt":"2025-03-25T13:27:44","guid":{"rendered":"https:\/\/impactodenoticias.com.ar\/?p=12557"},"modified":"2025-04-08T20:17:00","modified_gmt":"2025-04-08T23:17:00","slug":"se-llevo-a-cabo-una-nueva-y-masiva-marcha-por-el-dia-de-la-memoria-en-parana","status":"publish","type":"post","link":"https:\/\/impactodenoticias.com.ar\/?p=12557","title":{"rendered":"Se llev\u00f3 a cabo una nueva y masiva marcha por el D\u00eda de la Memoria en Paran\u00e1"},"content":{"rendered":"\n<h2 class=\"wp-block-heading\">Miles de personas se convocaron y movilizaron en Paran\u00e1, en una nueva marcha el 24 de Marzo. Se expresaron fuertes cr\u00edticas al gobierno de Milei por reivindicar el terror y el genocidio.<\/h2>\n\n\n\n<p>La ciudad de Paran\u00e1 fue sede de una nueva y multitudinaria marcha por el D\u00eda de la Memoria por la Verdad y la Justicia. Miles de militantes de derechos humanos, partidos pol\u00edticos y organizaciones sociales, y vecinos autoconvocados, se convocaron en la Plaza S\u00e1enz Pe\u00f1a, para luego marchar y leer un documento en unidad.<\/p>\n\n\n\n<p><\/p>\n\n\n\n<figure class=\"wp-block-image size-full\"><img loading=\"lazy\" decoding=\"async\" width=\"696\" height=\"392\" src=\"https:\/\/impactodenoticias.com.ar\/wp-content\/uploads\/2025\/03\/Dia-de-la-Memoria-parana-3.webp\" alt=\"\" class=\"wp-image-12558\" srcset=\"https:\/\/impactodenoticias.com.ar\/wp-content\/uploads\/2025\/03\/Dia-de-la-Memoria-parana-3.webp 696w, https:\/\/impactodenoticias.com.ar\/wp-content\/uploads\/2025\/03\/Dia-de-la-Memoria-parana-3-300x169.webp 300w\" sizes=\"auto, (max-width: 696px) 100vw, 696px\" \/><\/figure>\n\n\n\n<p><\/p>\n\n\n\n<figure class=\"wp-block-image size-large\"><img loading=\"lazy\" decoding=\"async\" width=\"1024\" height=\"641\" src=\"https:\/\/impactodenoticias.com.ar\/wp-content\/uploads\/2025\/03\/486314879_647551694674360_4729809503203548088_n-1024x641.jpg\" alt=\"\" class=\"wp-image-12559\" srcset=\"https:\/\/impactodenoticias.com.ar\/wp-content\/uploads\/2025\/03\/486314879_647551694674360_4729809503203548088_n-1024x641.jpg 1024w, https:\/\/impactodenoticias.com.ar\/wp-content\/uploads\/2025\/03\/486314879_647551694674360_4729809503203548088_n-300x188.jpg 300w, https:\/\/impactodenoticias.com.ar\/wp-content\/uploads\/2025\/03\/486314879_647551694674360_4729809503203548088_n-768x481.jpg 768w, https:\/\/impactodenoticias.com.ar\/wp-content\/uploads\/2025\/03\/486314879_647551694674360_4729809503203548088_n-1536x962.jpg 1536w, https:\/\/impactodenoticias.com.ar\/wp-content\/uploads\/2025\/03\/486314879_647551694674360_4729809503203548088_n.jpg 1724w\" sizes=\"auto, (max-width: 1024px) 100vw, 1024px\" \/><\/figure>\n\n\n\n<p><\/p>\n\n\n\n<figure class=\"wp-block-image size-full\"><img loading=\"lazy\" decoding=\"async\" width=\"696\" height=\"464\" src=\"https:\/\/impactodenoticias.com.ar\/wp-content\/uploads\/2025\/03\/Dia-de-la-Memoria-parana-1.webp\" alt=\"\" class=\"wp-image-12562\" srcset=\"https:\/\/impactodenoticias.com.ar\/wp-content\/uploads\/2025\/03\/Dia-de-la-Memoria-parana-1.webp 696w, https:\/\/impactodenoticias.com.ar\/wp-content\/uploads\/2025\/03\/Dia-de-la-Memoria-parana-1-300x200.webp 300w\" sizes=\"auto, (max-width: 696px) 100vw, 696px\" \/><\/figure>\n\n\n\n<p><\/p>\n\n\n\n<p>Alrededor de las 18, una extensa columna de militantes de derechos humanos y de partidos pol\u00edticos y organizaciones sociales, as\u00ed como miles de vecinos autoconvocados, se movilizaron desde la Plaza S\u00e1enz Pe\u00f1a.<\/p>\n\n\n\n<p>En total, se pudo observar siete cuadras de manifestantes, que nuevamente pidieron por los 30 mil detenidos desaparecidos en la \u00faltima dictadura c\u00edvico militar genocida en nuestro pa\u00eds.<\/p>\n\n\n\n<p>La convocatoria se realiz\u00f3 en torno al monumento que conmemora a los detenidos desaparecidos por la \u00faltima dictadura c\u00edvico militar genocida que tom\u00f3 el poder el 24 de marzo de 1976 y se mantuvo hasta 1983, dejando como saldo 30 mil personas, muchas de las cuales aun se desconoce su paradero.<\/p>\n\n\n\n<p>En el documento que se ley\u00f3 al finalizar del acto, previo a varios n\u00fameros art\u00edsticos, se efectuaron fuertes cr\u00edticas al gobierno de Javier Milei, que se ha caracterizado no s\u00f3lo por fustigar a las organizaciones de Derechos Humanos, adem\u00e1s de desmantelar las \u00e1reas relacionadas y reivindicar el terrorismo de Estado.<\/p>\n","protected":false},"excerpt":{"rendered":"<p>Miles de personas se convocaron y movilizaron en Paran&aacute;, en una nueva marcha el 24 de Marzo. Se expresaron fuertes cr&iacute;ticas al gobierno de Milei por reivindicar el terror y el genocidio. La ciudad de Paran&aacute; fue sede de una nueva y multitudinaria marcha por el D&iacute;a de la Memoria por la Verdad y la [&hellip;]<\/p>\n","protected":false},"author":2,"featured_media":12560,"comment_status":"open","ping_status":"open","sticky":false,"template":"","format":"standard","meta":{"footnotes":""},"categories":[11,4,49],"tags":[362,4924,95],"class_list":["post-12557","post","type-post","status-publish","format-standard","has-post-thumbnail","hentry","category-politica","category-provinciales","category-sociedad","tag-marcha","tag-memoria","tag-parana"],"_links":{"self":[{"href":"https:\/\/impactodenoticias.com.ar\/index.php?rest_route=\/wp\/v2\/posts\/12557","targetHints":{"allow":["GET"]}}],"collection":[{"href":"https:\/\/impactodenoticias.com.ar\/index.php?rest_route=\/wp\/v2\/posts"}],"about":[{"href":"https:\/\/impactodenoticias.com.ar\/index.php?rest_route=\/wp\/v2\/types\/post"}],"author":[{"embeddable":true,"href":"https:\/\/impactodenoticias.com.ar\/index.php?rest_route=\/wp\/v2\/users\/2"}],"replies":[{"embeddable":true,"href":"https:\/\/impactodenoticias.com.ar\/index.php?rest_route=%2Fwp%2Fv2%2Fcomments&post=12557"}],"version-history":[{"count":2,"href":"https:\/\/impactodenoticias.com.ar\/index.php?rest_route=\/wp\/v2\/posts\/12557\/revisions"}],"predecessor-version":[{"id":12564,"href":"https:\/\/impactodenoticias.com.ar\/index.php?rest_route=\/wp\/v2\/posts\/12557\/revisions\/12564"}],"wp:featuredmedia":[{"embeddable":true,"href":"https:\/\/impactodenoticias.com.ar\/index.php?rest_route=\/wp\/v2\/media\/12560"}],"wp:attachment":[{"href":"https:\/\/impactodenoticias.com.ar\/index.php?rest_route=%2Fwp%2Fv2%2Fmedia&parent=12557"}],"wp:term":[{"taxonomy":"category","embeddable":true,"href":"https:\/\/impactodenoticias.com.ar\/index.php?rest_route=%2Fwp%2Fv2%2Fcategories&post=12557"},{"taxonomy":"post_tag","embeddable":true,"href":"https:\/\/impactodenoticias.com.ar\/index.php?rest_route=%2Fwp%2Fv2%2Ftags&post=12557"}],"curies":[{"name":"wp","href":"https:\/\/api.w.org\/{rel}","templated":true}]}}