{"id":12590,"date":"2025-04-09T10:33:40","date_gmt":"2025-04-09T13:33:40","guid":{"rendered":"https:\/\/impactodenoticias.com.ar\/?p=12590"},"modified":"2025-04-09T10:33:40","modified_gmt":"2025-04-09T13:33:40","slug":"vecinos-de-las-colinas-golf-de-parana-exigen-mejoras-en-las-calles-del-lugar","status":"publish","type":"post","link":"https:\/\/impactodenoticias.com.ar\/?p=12590","title":{"rendered":"Vecinos de Las Colinas Golf de Paran\u00e1 exigen mejoras en las calles del lugar"},"content":{"rendered":"\n<h2 class=\"wp-block-heading\">Solicitan que se mejore el estado de la calle Selva de Montiel porque cuando llueve no pueden \u00absalir\u00bb de sus hogares, debido al muy mal estado de la calzada.<\/h2>\n\n\n\n<p>Un grupo de vecinos del barrio Las Colinas Golf de la ciudad de Paran\u00e1 manifestaron su preocupaci\u00f3n por el estado de las calles. Seg\u00fan se\u00f1alaron \u201ccuando llueve es intransitable\u201d la calle Selva de Montiel, ubicada en la zona suroeste de la capital entrerriana.<\/p>\n\n\n\n<p>\u201cSon alrededor de 130 propietarios que viven en la zona y viven alrededor de 80 los que est\u00e1n viviendo y cuando llueve los chicos no pueden ir a la escuela\u201d, dijo una vecina.<\/p>\n\n\n\n<p>Realmente el estado de la calle ubicado en el ujido urbano de la ciudad capital de la provincia es lamentable. Los vecinos esperan alguna respuesta desde el municipio.<\/p>\n","protected":false},"excerpt":{"rendered":"<p>Solicitan que se mejore el estado de la calle Selva de Montiel porque cuando llueve no pueden &laquo;salir&raquo; de sus hogares, debido al muy mal estado de la calzada. Un grupo de vecinos del barrio Las Colinas Golf de la ciudad de Paran&aacute; manifestaron su preocupaci&oacute;n por el estado de las calles. Seg&uacute;n se&ntilde;alaron &ldquo;cuando [&hellip;]<\/p>\n","protected":false},"author":2,"featured_media":12591,"comment_status":"open","ping_status":"open","sticky":false,"template":"","format":"standard","meta":{"footnotes":""},"categories":[3,1902,49],"tags":[717,122,102,95,1319,496],"class_list":["post-12590","post","type-post","status-publish","format-standard","has-post-thumbnail","hentry","category-locales","category-municipales","category-sociedad","tag-calles","tag-estado","tag-municipalidad","tag-parana","tag-selva-de-montiel","tag-vecinos"],"_links":{"self":[{"href":"https:\/\/impactodenoticias.com.ar\/index.php?rest_route=\/wp\/v2\/posts\/12590","targetHints":{"allow":["GET"]}}],"collection":[{"href":"https:\/\/impactodenoticias.com.ar\/index.php?rest_route=\/wp\/v2\/posts"}],"about":[{"href":"https:\/\/impactodenoticias.com.ar\/index.php?rest_route=\/wp\/v2\/types\/post"}],"author":[{"embeddable":true,"href":"https:\/\/impactodenoticias.com.ar\/index.php?rest_route=\/wp\/v2\/users\/2"}],"replies":[{"embeddable":true,"href":"https:\/\/impactodenoticias.com.ar\/index.php?rest_route=%2Fwp%2Fv2%2Fcomments&post=12590"}],"version-history":[{"count":1,"href":"https:\/\/impactodenoticias.com.ar\/index.php?rest_route=\/wp\/v2\/posts\/12590\/revisions"}],"predecessor-version":[{"id":12592,"href":"https:\/\/impactodenoticias.com.ar\/index.php?rest_route=\/wp\/v2\/posts\/12590\/revisions\/12592"}],"wp:featuredmedia":[{"embeddable":true,"href":"https:\/\/impactodenoticias.com.ar\/index.php?rest_route=\/wp\/v2\/media\/12591"}],"wp:attachment":[{"href":"https:\/\/impactodenoticias.com.ar\/index.php?rest_route=%2Fwp%2Fv2%2Fmedia&parent=12590"}],"wp:term":[{"taxonomy":"category","embeddable":true,"href":"https:\/\/impactodenoticias.com.ar\/index.php?rest_route=%2Fwp%2Fv2%2Fcategories&post=12590"},{"taxonomy":"post_tag","embeddable":true,"href":"https:\/\/impactodenoticias.com.ar\/index.php?rest_route=%2Fwp%2Fv2%2Ftags&post=12590"}],"curies":[{"name":"wp","href":"https:\/\/api.w.org\/{rel}","templated":true}]}}