{"id":12641,"date":"2025-04-10T20:42:15","date_gmt":"2025-04-10T23:42:15","guid":{"rendered":"https:\/\/impactodenoticias.com.ar\/?p=12641"},"modified":"2025-04-13T13:18:34","modified_gmt":"2025-04-13T16:18:34","slug":"el-ministerio-de-salud-abre-un-sumario-al-exdirector-del-hospital-de-santa-elena","status":"publish","type":"post","link":"https:\/\/impactodenoticias.com.ar\/?p=12641","title":{"rendered":"El ministerio de Salud abre un sumario al exdirector del Hospital de Santa Elena"},"content":{"rendered":"\n<h2 class=\"wp-block-heading\">Se dispuso instruir un sumario administrativo al doctor N\u00e9stor Marcelo Tedesco, quien hasta 2019 fue director del Hospital Santa Elena, de la ciudad hom\u00f3nima del departamento La Paz, cargo que tuvo que dejar en medio del esc\u00e1ndalo tras dos denuncias por supuestos hechos de mala praxis.<\/h2>\n\n\n\n<p>El sumario se relaciona adem\u00e1s con otros hechos ya que en 2022 se hab\u00eda instruido una informaci\u00f3n sumaria que deriv\u00f3 y finaliz\u00f3 en este nuevo proceso contra el profesional.<\/p>\n\n\n\n<p>Los hechos se iniciaron en 2019, a poco de que Tedesco dejara la direcci\u00f3n del Hospital Santa Elena, cuando se dispuso la realizaci\u00f3n de una auditor\u00eda y relevamiento administrativo contable y de personal, y se detectaron \u201cuna serie de irregularidades en cuanto al manejo contable, de personal, financiero, de facturaci\u00f3n de obras sociales\u201d.<\/p>\n\n\n\n<p>As\u00ed lo certifica el decreto N\u00ba 442, del 20 de marzo \u00faltimo publicado este jueves en el Bolet\u00edn Oficial. Donde se indica que \u201ccomprobadas las irregularidades administrativas por el per\u00edodo enero de 2018 a julio de 2019, corresponde atribuir responsabilidades por expresos incumplimientos a las obligaciones primarias y\/o de las personas que ocuparon los cargo en el nosocomio\u201d. As\u00ed, respecto del exdirector \u201cqued\u00f3 acreditada la responsabilidad como m\u00e1xima autoridad por incumplimiento\u201d de lo establecido en la normativa vigente.<\/p>\n\n\n\n<p>El irregularidades tambi\u00e9n se extendieron a la administradora del Hospital Santa Elena y al responsable de la Secci\u00f3n Contable, ambos por \u201cincumplimiento de las funciones\u201d.<\/p>\n\n\n\n<p>El texto del decreto precisa que Tedesco \u201chabr\u00eda incurrido en negligencias manifiesta y falta grave en el desempe\u00f1o de sus funciones\u201d, que lo dejan al borde de la cesant\u00eda.<\/p>\n","protected":false},"excerpt":{"rendered":"<p>Se dispuso instruir un sumario administrativo al doctor N&eacute;stor Marcelo Tedesco, quien hasta 2019 fue director del Hospital Santa Elena, de la ciudad hom&oacute;nima del departamento La Paz, cargo que tuvo que dejar en medio del esc&aacute;ndalo tras dos denuncias por supuestos hechos de mala praxis. El sumario se relaciona adem&aacute;s con otros hechos ya [&hellip;]<\/p>\n","protected":false},"author":2,"featured_media":12643,"comment_status":"open","ping_status":"open","sticky":false,"template":"","format":"standard","meta":{"footnotes":""},"categories":[4,49],"tags":[4951,141,4952,439,1935],"class_list":["post-12641","post","type-post","status-publish","format-standard","has-post-thumbnail","hentry","category-provinciales","category-sociedad","tag-exdirector","tag-hospital","tag-nestor-marcelo-tedesco","tag-santa-elena","tag-sumario"],"_links":{"self":[{"href":"https:\/\/impactodenoticias.com.ar\/index.php?rest_route=\/wp\/v2\/posts\/12641","targetHints":{"allow":["GET"]}}],"collection":[{"href":"https:\/\/impactodenoticias.com.ar\/index.php?rest_route=\/wp\/v2\/posts"}],"about":[{"href":"https:\/\/impactodenoticias.com.ar\/index.php?rest_route=\/wp\/v2\/types\/post"}],"author":[{"embeddable":true,"href":"https:\/\/impactodenoticias.com.ar\/index.php?rest_route=\/wp\/v2\/users\/2"}],"replies":[{"embeddable":true,"href":"https:\/\/impactodenoticias.com.ar\/index.php?rest_route=%2Fwp%2Fv2%2Fcomments&post=12641"}],"version-history":[{"count":1,"href":"https:\/\/impactodenoticias.com.ar\/index.php?rest_route=\/wp\/v2\/posts\/12641\/revisions"}],"predecessor-version":[{"id":12644,"href":"https:\/\/impactodenoticias.com.ar\/index.php?rest_route=\/wp\/v2\/posts\/12641\/revisions\/12644"}],"wp:featuredmedia":[{"embeddable":true,"href":"https:\/\/impactodenoticias.com.ar\/index.php?rest_route=\/wp\/v2\/media\/12643"}],"wp:attachment":[{"href":"https:\/\/impactodenoticias.com.ar\/index.php?rest_route=%2Fwp%2Fv2%2Fmedia&parent=12641"}],"wp:term":[{"taxonomy":"category","embeddable":true,"href":"https:\/\/impactodenoticias.com.ar\/index.php?rest_route=%2Fwp%2Fv2%2Fcategories&post=12641"},{"taxonomy":"post_tag","embeddable":true,"href":"https:\/\/impactodenoticias.com.ar\/index.php?rest_route=%2Fwp%2Fv2%2Ftags&post=12641"}],"curies":[{"name":"wp","href":"https:\/\/api.w.org\/{rel}","templated":true}]}}