{"id":12648,"date":"2025-04-11T09:34:05","date_gmt":"2025-04-11T12:34:05","guid":{"rendered":"https:\/\/impactodenoticias.com.ar\/?p=12648"},"modified":"2025-04-13T13:18:26","modified_gmt":"2025-04-13T16:18:26","slug":"ningun-espacio-municipal-podra-llevar-el-nombre-de-un-funcionario-vivo-en-gualeguaychu","status":"publish","type":"post","link":"https:\/\/impactodenoticias.com.ar\/?p=12648","title":{"rendered":"Ning\u00fan espacio municipal podr\u00e1 llevar el nombre de un funcionario vivo en Gualeguaych\u00fa"},"content":{"rendered":"\n<h2 class=\"wp-block-heading\">El Intendente Davico, hizo referencia a la sanci\u00f3n de la nueva ordenanza promulgada el jueves que regula la colocaci\u00f3n de placas, inscripciones y signos conmemorativos en espacios p\u00fablicos del municipio mediante la cual se prohibi\u00f3 el uso de nombres de personas que se encuentran vivas.<\/h2>\n\n\n\n<p>El objetivo principal de esta normativa es garantizar la transparencia, objetividad y respeto por el inter\u00e9s general en la nominaci\u00f3n e intervenci\u00f3n de estos espacios, evitando cualquier forma de apropiaci\u00f3n simb\u00f3lica indebida.<\/p>\n\n\n\n<p>\u201cAnunciamos este proyecto en la apertura de sesiones, hoy cumplimos y se convirti\u00f3 en Ordenanza\u201d se\u00f1al\u00f3 el intendente Mauricio Davico.<\/p>\n\n\n\n<p>Por su parte, la presidenta del Concejo Deliberante Julieta Carrazza manifest\u00f3 que \u201centendemos que los bienes del Estado municipal son de todos los gualeguaychuenses con el aporte de sus recursos, por eso ya no podr\u00e1n llevar el nombre de ning\u00fan funcionario o ex funcionario vivo\u201d<\/p>\n\n\n\n<p>\u201cDe esta forma se garantiza el uso responsable, institucional y respetuoso de los s\u00edmbolos en la comunidad estableciendo un marco normativo claro que previene los hechos de propaganda con fondos p\u00fablicos, asegurando que estos lugares sean un reflejo de la memoria colectiva y el inter\u00e9s general de la comunidad\u201d, indicaron desde la Municipalidad a trav\u00e9s de un comunicado.<\/p>\n\n\n\n<p class=\"has-medium-font-size\"><strong>Esta ordenanza promueve:<\/strong><\/p>\n\n\n\n<ul class=\"wp-block-list\">\n<li>Neutralidad y Objetividad: Se proh\u00edbe la inclusi\u00f3n de nombres propios de funcionarios p\u00fablicos, pol\u00edticos o t\u00e9cnicos en placas y signos conmemorativos, priorizando la informaci\u00f3n objetiva como denominaci\u00f3n, fecha de inauguraci\u00f3n y organismos participantes.<\/li>\n\n\n\n<li>Representaci\u00f3n Comunitaria: Los espacios p\u00fablicos deben reflejar a toda la comunidad, evitando representaciones de grupos o ideolog\u00edas particulares.<\/li>\n\n\n\n<li>Informaci\u00f3n Objetiva: La identificaci\u00f3n de obras y espacios p\u00fablicos se limitar\u00e1 a datos objetivos, garantizando transparencia y previniendo la autopromoci\u00f3n.<\/li>\n\n\n\n<li>Homenaje a la Memoria Colectiva: Se permite la colocaci\u00f3n de placas en homenaje a acontecimientos o personalidades hist\u00f3ricas relevantes, preservando la memoria colectiva.<\/li>\n\n\n\n<li>Regularizaci\u00f3n de Placas Existentes: Se ordena el retiro de placas que no cumplan con la nueva normativa, a cargo del Departamento Ejecutivo Municipal.<\/li>\n<\/ul>\n\n\n\n<p>Esta ordenanza es un proyecto presentado por los concejales de Juntos por Entre R\u00edos que hab\u00eda obtenido despacho de Comisiones Conjuntas previamente.<\/p>\n\n\n\n<p><\/p>\n","protected":false},"excerpt":{"rendered":"<p>El Intendente Davico, hizo referencia a la sanci&oacute;n de la nueva ordenanza promulgada el jueves que regula la colocaci&oacute;n de placas, inscripciones y signos conmemorativos en espacios p&uacute;blicos del municipio mediante la cual se prohibi&oacute; el uso de nombres de personas que se encuentran vivas. El objetivo principal de esta normativa es garantizar la transparencia, [&hellip;]<\/p>\n","protected":false},"author":2,"featured_media":12649,"comment_status":"open","ping_status":"open","sticky":false,"template":"","format":"standard","meta":{"footnotes":""},"categories":[4,49],"tags":[280,1059,3302,602,145,4953],"class_list":["post-12648","post","type-post","status-publish","format-standard","has-post-thumbnail","hentry","category-provinciales","category-sociedad","tag-gualeguaychu","tag-mauricio-davico","tag-ordenanza","tag-personas","tag-placas","tag-vivas"],"_links":{"self":[{"href":"https:\/\/impactodenoticias.com.ar\/index.php?rest_route=\/wp\/v2\/posts\/12648","targetHints":{"allow":["GET"]}}],"collection":[{"href":"https:\/\/impactodenoticias.com.ar\/index.php?rest_route=\/wp\/v2\/posts"}],"about":[{"href":"https:\/\/impactodenoticias.com.ar\/index.php?rest_route=\/wp\/v2\/types\/post"}],"author":[{"embeddable":true,"href":"https:\/\/impactodenoticias.com.ar\/index.php?rest_route=\/wp\/v2\/users\/2"}],"replies":[{"embeddable":true,"href":"https:\/\/impactodenoticias.com.ar\/index.php?rest_route=%2Fwp%2Fv2%2Fcomments&post=12648"}],"version-history":[{"count":1,"href":"https:\/\/impactodenoticias.com.ar\/index.php?rest_route=\/wp\/v2\/posts\/12648\/revisions"}],"predecessor-version":[{"id":12650,"href":"https:\/\/impactodenoticias.com.ar\/index.php?rest_route=\/wp\/v2\/posts\/12648\/revisions\/12650"}],"wp:featuredmedia":[{"embeddable":true,"href":"https:\/\/impactodenoticias.com.ar\/index.php?rest_route=\/wp\/v2\/media\/12649"}],"wp:attachment":[{"href":"https:\/\/impactodenoticias.com.ar\/index.php?rest_route=%2Fwp%2Fv2%2Fmedia&parent=12648"}],"wp:term":[{"taxonomy":"category","embeddable":true,"href":"https:\/\/impactodenoticias.com.ar\/index.php?rest_route=%2Fwp%2Fv2%2Fcategories&post=12648"},{"taxonomy":"post_tag","embeddable":true,"href":"https:\/\/impactodenoticias.com.ar\/index.php?rest_route=%2Fwp%2Fv2%2Ftags&post=12648"}],"curies":[{"name":"wp","href":"https:\/\/api.w.org\/{rel}","templated":true}]}}