{"id":12731,"date":"2025-04-16T17:17:04","date_gmt":"2025-04-16T20:17:04","guid":{"rendered":"https:\/\/impactodenoticias.com.ar\/?p=12731"},"modified":"2025-04-17T11:06:06","modified_gmt":"2025-04-17T14:06:06","slug":"cancilleria-asegura-que-uruguay-no-informo-nada-sobre-la-planta-de-hidrogeno-verde-frente-a-colon","status":"publish","type":"post","link":"https:\/\/impactodenoticias.com.ar\/?p=12731","title":{"rendered":"Canciller\u00eda asegura que Uruguay no inform\u00f3 nada sobre la Planta de Hidr\u00f3geno Verde frente a Col\u00f3n"},"content":{"rendered":"\n<h2 class=\"wp-block-heading\">El Ministerio de Relaciones Exteriores afirm\u00f3 que el vecino pa\u00eds no ha presentado un informe sobre el posible impacto del megaproyecto que se llevar\u00e1 adelante en el R\u00edo Uruguay, frente a las costas de Col\u00f3n.<\/h2>\n\n\n\n<p>La Canciller\u00eda Argentina inform\u00f3 recientemente que no hay oficialmente ning\u00fan proyecto presentado desde Uruguay en relaci\u00f3n a la planta de Hidr\u00f3geno Verde que se instalar\u00eda en Paysand\u00fa, frente a Col\u00f3n, en la provincia de Entre R\u00edos. La consulta forma parte de un lote de preguntas contestadas en ocasi\u00f3n de la visita de Guillermo Francos a la C\u00e1mara de Diputados para dar su informe de gesti\u00f3n y contestar las consultas de los legisladores.<\/p>\n\n\n\n<p>D\u00edas atr\u00e1s, el exgobernador Gustavo Bordet, actual integrante del bloque Uni\u00f3n por la Patria en la C\u00e1mara Baja, hab\u00eda anticipado que enviar\u00eda una consulta en relaci\u00f3n al proyecto previsto en Uruguay, como parte de un cuestionario que inclu\u00eda otras cinco preguntas m\u00e1s sobre diversos temas. Entre otros interrogantes, el exmandatario solicitaba se informara si el gobierno nacional estaba al tanto de la iniciativa y si hab\u00eda alg\u00fan estudio en relaci\u00f3n al impacto ambientalque podr\u00eda generar la megaobra.<\/p>\n\n\n\n<p>Desde que se dio a conocer la posible instalaci\u00f3n, el proyecto ha sido objetado por operadores tur\u00edsticos y ambientalistas de Col\u00f3n, debido al posible impacto que tendr\u00eda en la localidad entrerriana. Incluso fue parte de una charla que mantuvo el propio gobernador Rogelio Frigerio con el flamante presidente uruguayo, Yamand\u00fa Orsi.<\/p>\n\n\n\n<p>\u201cEl Ministerio de Relaciones Exteriores, Comercio Internacional y Culto comunica que no se ha recibido informaci\u00f3n por parte de Uruguay. No se ha presentado ante la Comisi\u00f3n Administradora del R\u00edo Uruguay el proyecto para la instalaci\u00f3n de la Planta de Producci\u00f3n de Combustible Sint\u00e9ticos (HIF Global), por lo tanto, tampoco existen en poder de la CARU los correspondientes estudios de impacto ambiental\u201c, se\u00f1alaron oficialmente en la respuesta. Y a\u00f1adieron: \u201cLa Delegaci\u00f3n Argentina ante la CARU ha participado de la reuni\u00f3n desarrollada en la ciudad de Col\u00f3n el pasado viernes 21 de marzo, en la cual estuvieron presentes intendentes, legisladores nacionales, legisladores provinciales y representantes de organismos no gubernamentales, donde se propuso, entre otras cuestiones, la relocalizaci\u00f3n de esta planta hacia otra regi\u00f3n menos perjudicial para el ambiente de la regi\u00f3n y para el r\u00edo Uruguay\u201d.<\/p>\n\n\n\n<p>Desde la cartera nacional insistieron que, hasta el momento, el proyecto no ha sido presentado ante la Comisi\u00f3n Administradora del R\u00edo Uruguay para la evaluaci\u00f3n de la potencial contaminaci\u00f3n de las aguas del r\u00edo Uruguay: \u201cSin perjuicio de ello, la CARU lleva adelante un Monitoreo Integral del R\u00edo Uruguay para todo el tramo compartido entre nuestro pa\u00eds y la Rep\u00fablica Oriental del Uruguay. Esta actividad resulta clave para la vigilancia continua del estado general de calidad del r\u00edo, en tanto la informaci\u00f3n obtenida permitir\u00e1 adem\u00e1s dise\u00f1ar acciones puntuales de remediaci\u00f3n o mitigaci\u00f3n de situaciones problem\u00e1ticas, as\u00ed como evaluar el efecto de la implementaci\u00f3n de medidas de manejo ambiental por parte de los Estados Parte\u201d, precisaron.<\/p>\n","protected":false},"excerpt":{"rendered":"<p>El Ministerio de Relaciones Exteriores afirm&oacute; que el vecino pa&iacute;s no ha presentado un informe sobre el posible impacto del megaproyecto que se llevar&aacute; adelante en el R&iacute;o Uruguay, frente a las costas de Col&oacute;n. La Canciller&iacute;a Argentina inform&oacute; recientemente que no hay oficialmente ning&uacute;n proyecto presentado desde Uruguay en relaci&oacute;n a la planta de [&hellip;]<\/p>\n","protected":false},"author":2,"featured_media":12732,"comment_status":"open","ping_status":"open","sticky":false,"template":"","format":"standard","meta":{"footnotes":""},"categories":[4,49],"tags":[4993,466,33,4989,2343,524,4992],"class_list":["post-12731","post","type-post","status-publish","format-standard","has-post-thumbnail","hentry","category-provinciales","category-sociedad","tag-cancilleria","tag-colon","tag-entre-rios","tag-hidrogeno","tag-planta","tag-uruguay","tag-verde"],"_links":{"self":[{"href":"https:\/\/impactodenoticias.com.ar\/index.php?rest_route=\/wp\/v2\/posts\/12731","targetHints":{"allow":["GET"]}}],"collection":[{"href":"https:\/\/impactodenoticias.com.ar\/index.php?rest_route=\/wp\/v2\/posts"}],"about":[{"href":"https:\/\/impactodenoticias.com.ar\/index.php?rest_route=\/wp\/v2\/types\/post"}],"author":[{"embeddable":true,"href":"https:\/\/impactodenoticias.com.ar\/index.php?rest_route=\/wp\/v2\/users\/2"}],"replies":[{"embeddable":true,"href":"https:\/\/impactodenoticias.com.ar\/index.php?rest_route=%2Fwp%2Fv2%2Fcomments&post=12731"}],"version-history":[{"count":1,"href":"https:\/\/impactodenoticias.com.ar\/index.php?rest_route=\/wp\/v2\/posts\/12731\/revisions"}],"predecessor-version":[{"id":12733,"href":"https:\/\/impactodenoticias.com.ar\/index.php?rest_route=\/wp\/v2\/posts\/12731\/revisions\/12733"}],"wp:featuredmedia":[{"embeddable":true,"href":"https:\/\/impactodenoticias.com.ar\/index.php?rest_route=\/wp\/v2\/media\/12732"}],"wp:attachment":[{"href":"https:\/\/impactodenoticias.com.ar\/index.php?rest_route=%2Fwp%2Fv2%2Fmedia&parent=12731"}],"wp:term":[{"taxonomy":"category","embeddable":true,"href":"https:\/\/impactodenoticias.com.ar\/index.php?rest_route=%2Fwp%2Fv2%2Fcategories&post=12731"},{"taxonomy":"post_tag","embeddable":true,"href":"https:\/\/impactodenoticias.com.ar\/index.php?rest_route=%2Fwp%2Fv2%2Ftags&post=12731"}],"curies":[{"name":"wp","href":"https:\/\/api.w.org\/{rel}","templated":true}]}}