{"id":12751,"date":"2025-04-17T08:59:16","date_gmt":"2025-04-17T11:59:16","guid":{"rendered":"https:\/\/impactodenoticias.com.ar\/?p=12751"},"modified":"2025-04-17T08:59:16","modified_gmt":"2025-04-17T11:59:16","slug":"se-llevaron-a-cabo-ocho-allanamientos-en-distintos-barrios-tras-un-tiroteo-en-barrio-el-morro-de-parana","status":"publish","type":"post","link":"https:\/\/impactodenoticias.com.ar\/?p=12751","title":{"rendered":"Se llevaron a cabo ocho allanamientos en distintos barrios tras un tiroteo en barrio El Morro de Paran\u00e1"},"content":{"rendered":"\n<h2 class=\"wp-block-heading\">Se realizaron allanamientos en tres barrios de Paran\u00e1 en la b\u00fasqueda de armas de fuego y otros elementos que pudieran estar vinculados a una balacera que ocurri\u00f3 el fin de semana en barrio El Morro.<\/h2>\n\n\n\n<p>El s\u00e1bado 12 de abril se desarrollaron tiroteos en el barrio El Morro de Paran\u00e1. Debido a esos enfrentamientos con armas de fuego, la Polic\u00eda comenz\u00f3 una investigaci\u00f3n deriv\u00f3 este mi\u00e9rcoles por la noche con ocho allanamientos que se est\u00e1n realizaron en forma simult\u00e1nea en barrio El Morro, La Milagrosa y Lomas del Mirador II.<\/p>\n\n\n\n<p><\/p>\n\n\n\n<figure class=\"wp-block-image size-full\"><img loading=\"lazy\" decoding=\"async\" width=\"696\" height=\"522\" src=\"https:\/\/impactodenoticias.com.ar\/wp-content\/uploads\/2025\/04\/Balacera-Barrio-ElMorro.webp\" alt=\"\" class=\"wp-image-12752\" srcset=\"https:\/\/impactodenoticias.com.ar\/wp-content\/uploads\/2025\/04\/Balacera-Barrio-ElMorro.webp 696w, https:\/\/impactodenoticias.com.ar\/wp-content\/uploads\/2025\/04\/Balacera-Barrio-ElMorro-300x225.webp 300w\" sizes=\"auto, (max-width: 696px) 100vw, 696px\" \/><\/figure>\n\n\n\n<p><\/p>\n\n\n\n<p>Seg\u00fan se inform\u00f3 <strong>IMPACTO DE NOTICIAS<\/strong>, uno de los procedimientos se llev\u00f3 a cabo en una casa ubicada en la zona de calles Santa Mar\u00eda de Oro y Zabal\u00eda, en el coraz\u00f3n del barrio La Milagrosa. Otro en el interior de El Morro en la zona de calle Alfredo Du Graty y el tercero en Lomas II.<\/p>\n\n\n\n<p><\/p>\n\n\n\n<figure class=\"wp-block-image size-full\"><img loading=\"lazy\" decoding=\"async\" width=\"900\" height=\"600\" src=\"https:\/\/impactodenoticias.com.ar\/wp-content\/uploads\/2025\/04\/Allanamientos-Tiroteo-ElMorro.webp\" alt=\"\" class=\"wp-image-12753\" srcset=\"https:\/\/impactodenoticias.com.ar\/wp-content\/uploads\/2025\/04\/Allanamientos-Tiroteo-ElMorro.webp 900w, https:\/\/impactodenoticias.com.ar\/wp-content\/uploads\/2025\/04\/Allanamientos-Tiroteo-ElMorro-300x200.webp 300w, https:\/\/impactodenoticias.com.ar\/wp-content\/uploads\/2025\/04\/Allanamientos-Tiroteo-ElMorro-768x512.webp 768w\" sizes=\"auto, (max-width: 900px) 100vw, 900px\" \/><\/figure>\n\n\n\n<p><\/p>\n\n\n\n<figure class=\"wp-block-image size-full\"><img loading=\"lazy\" decoding=\"async\" width=\"900\" height=\"600\" src=\"https:\/\/impactodenoticias.com.ar\/wp-content\/uploads\/2025\/04\/Operativos-Balacera-Barrio-ElMorro.webp\" alt=\"\" class=\"wp-image-12754\" srcset=\"https:\/\/impactodenoticias.com.ar\/wp-content\/uploads\/2025\/04\/Operativos-Balacera-Barrio-ElMorro.webp 900w, https:\/\/impactodenoticias.com.ar\/wp-content\/uploads\/2025\/04\/Operativos-Balacera-Barrio-ElMorro-300x200.webp 300w, https:\/\/impactodenoticias.com.ar\/wp-content\/uploads\/2025\/04\/Operativos-Balacera-Barrio-ElMorro-768x512.webp 768w\" sizes=\"auto, (max-width: 900px) 100vw, 900px\" \/><\/figure>\n\n\n\n<p><\/p>\n\n\n\n<p>La Polic\u00eda busca en las viviendas allanadas armas y municiones, junto a otros elementos que permitan detectar a los autores de las balaceras. Los investigadores creen que los autores de los incidentes ocurridos en barrio El Morro el fin de semana viven en otra zona de la capital entrerriana.<\/p>\n","protected":false},"excerpt":{"rendered":"<p>Se realizaron allanamientos en tres barrios de Paran&aacute; en la b&uacute;squeda de armas de fuego y otros elementos que pudieran estar vinculados a una balacera que ocurri&oacute; el fin de semana en barrio El Morro. El s&aacute;bado 12 de abril se desarrollaron tiroteos en el barrio El Morro de Paran&aacute;. Debido a esos enfrentamientos con [&hellip;]<\/p>\n","protected":false},"author":2,"featured_media":12755,"comment_status":"open","ping_status":"open","sticky":false,"template":"","format":"standard","meta":{"footnotes":""},"categories":[3,8],"tags":[1136,1145,5005,95,610,1630],"class_list":["post-12751","post","type-post","status-publish","format-standard","has-post-thumbnail","hentry","category-locales","category-policiales","tag-allanamientos","tag-barrio","tag-elmorro","tag-parana","tag-policial","tag-tiroteo"],"_links":{"self":[{"href":"https:\/\/impactodenoticias.com.ar\/index.php?rest_route=\/wp\/v2\/posts\/12751","targetHints":{"allow":["GET"]}}],"collection":[{"href":"https:\/\/impactodenoticias.com.ar\/index.php?rest_route=\/wp\/v2\/posts"}],"about":[{"href":"https:\/\/impactodenoticias.com.ar\/index.php?rest_route=\/wp\/v2\/types\/post"}],"author":[{"embeddable":true,"href":"https:\/\/impactodenoticias.com.ar\/index.php?rest_route=\/wp\/v2\/users\/2"}],"replies":[{"embeddable":true,"href":"https:\/\/impactodenoticias.com.ar\/index.php?rest_route=%2Fwp%2Fv2%2Fcomments&post=12751"}],"version-history":[{"count":1,"href":"https:\/\/impactodenoticias.com.ar\/index.php?rest_route=\/wp\/v2\/posts\/12751\/revisions"}],"predecessor-version":[{"id":12756,"href":"https:\/\/impactodenoticias.com.ar\/index.php?rest_route=\/wp\/v2\/posts\/12751\/revisions\/12756"}],"wp:featuredmedia":[{"embeddable":true,"href":"https:\/\/impactodenoticias.com.ar\/index.php?rest_route=\/wp\/v2\/media\/12755"}],"wp:attachment":[{"href":"https:\/\/impactodenoticias.com.ar\/index.php?rest_route=%2Fwp%2Fv2%2Fmedia&parent=12751"}],"wp:term":[{"taxonomy":"category","embeddable":true,"href":"https:\/\/impactodenoticias.com.ar\/index.php?rest_route=%2Fwp%2Fv2%2Fcategories&post=12751"},{"taxonomy":"post_tag","embeddable":true,"href":"https:\/\/impactodenoticias.com.ar\/index.php?rest_route=%2Fwp%2Fv2%2Ftags&post=12751"}],"curies":[{"name":"wp","href":"https:\/\/api.w.org\/{rel}","templated":true}]}}