{"id":12772,"date":"2025-04-17T19:52:10","date_gmt":"2025-04-17T22:52:10","guid":{"rendered":"https:\/\/impactodenoticias.com.ar\/?p=12772"},"modified":"2025-04-20T13:02:51","modified_gmt":"2025-04-20T16:02:51","slug":"sin-agua-no-hay-vida-el-lema-de-la-nueva-movilizacion-de-la-asamblea-ciudadana-de-gualeguaychu","status":"publish","type":"post","link":"https:\/\/impactodenoticias.com.ar\/?p=12772","title":{"rendered":"\u00abSin agua, no hay vida\u00bb: el lema de la nueva movilizaci\u00f3n de la Asamblea Ciudadana de Gualeguaych\u00fa"},"content":{"rendered":"\n<h2 class=\"wp-block-heading\">El domingo 27 de abril se llevar\u00e1 adelante la 21.\u00aa movilizaci\u00f3n contra la planta de UPM en el hist\u00f3rico paraje Arroyo Verde. La movilizaci\u00f3n pondr\u00e1 el foco en la protecci\u00f3n del agua y los humedales.<\/h2>\n\n\n\n<p>a Asamblea Ciudadana Ambiental de Gualeguaych\u00fa (ACAG) llevar\u00e1 a cabo la vig\u00e9sima primera marcha al puente internacional General San Mart\u00edn, en rechazo a la planta de celulosa UPM \u2014ex Botnia\u2014, ubicada en territorio uruguayo frente a la ciudad de Gualeguaych\u00fa.<\/p>\n\n\n\n<p>La movilizaci\u00f3n se realizar\u00e1 el domingo 27 de abril, con concentraci\u00f3n a las 15:00 en Arroyo Verde, sobre la ruta nacional 136. Desde ese lugar saldr\u00e1 la habitual caravana de veh\u00edculos hasta el \u00f3valo de Gendarmer\u00eda Nacional, para regresar al punto de partida, donde se dar\u00e1 lectura a la proclama.<\/p>\n\n\n\n<p>El lema elegido \u00e0ra esta nueva movilizaci\u00f3n es \u00abSin agua, no hay vida\u00bb, de este modo se busca concietizar la urgencia de preservar los recursos h\u00eddricos y proteger los humedales frente a las amenazas industriales.<\/p>\n\n\n\n<p>Adem\u00e1s la proclama incluir\u00e1 referencias al derrame de \u00e1cido sulf\u00farico hecho que se produjo en marzo en el puerto de UPM, as\u00ed como un fuerte rechazo a la probable instalaci\u00f3n de una planta de procesamiento de combustibles e hidr\u00f3geno verde que el gobierno uruguayo autoriz\u00f3 frente a la ciudad entrerriana de Col\u00f3n, en las afueras de Paysand\u00fa.<\/p>\n\n\n\n<p>Con esta marcha, la ACAG reafirma su lucha por el cuidado del ambiente y la soberan\u00eda sobre los recursos naturales, en una movilizaci\u00f3n que se ha convertido en un s\u00edmbolo de resistencia y conciencia ambiental para toda la regi\u00f3n.<\/p>\n","protected":false},"excerpt":{"rendered":"<p>El domingo 27 de abril se llevar&aacute; adelante la 21.&ordf; movilizaci&oacute;n contra la planta de UPM en el hist&oacute;rico paraje Arroyo Verde. La movilizaci&oacute;n pondr&aacute; el foco en la protecci&oacute;n del agua y los humedales. a Asamblea Ciudadana Ambiental de Gualeguaych&uacute; (ACAG) llevar&aacute; a cabo la vig&eacute;sima primera marcha al puente internacional General San Mart&iacute;n, [&hellip;]<\/p>\n","protected":false},"author":2,"featured_media":12774,"comment_status":"open","ping_status":"open","sticky":false,"template":"","format":"standard","meta":{"footnotes":""},"categories":[4,49],"tags":[3071,2326,5013,5012,33,280,362,4783,524],"class_list":["post-12772","post","type-post","status-publish","format-standard","has-post-thumbnail","hentry","category-provinciales","category-sociedad","tag-ambientalistas","tag-asamblea","tag-botnia","tag-ciudadana","tag-entre-rios","tag-gualeguaychu","tag-marcha","tag-upm","tag-uruguay"],"_links":{"self":[{"href":"https:\/\/impactodenoticias.com.ar\/index.php?rest_route=\/wp\/v2\/posts\/12772","targetHints":{"allow":["GET"]}}],"collection":[{"href":"https:\/\/impactodenoticias.com.ar\/index.php?rest_route=\/wp\/v2\/posts"}],"about":[{"href":"https:\/\/impactodenoticias.com.ar\/index.php?rest_route=\/wp\/v2\/types\/post"}],"author":[{"embeddable":true,"href":"https:\/\/impactodenoticias.com.ar\/index.php?rest_route=\/wp\/v2\/users\/2"}],"replies":[{"embeddable":true,"href":"https:\/\/impactodenoticias.com.ar\/index.php?rest_route=%2Fwp%2Fv2%2Fcomments&post=12772"}],"version-history":[{"count":1,"href":"https:\/\/impactodenoticias.com.ar\/index.php?rest_route=\/wp\/v2\/posts\/12772\/revisions"}],"predecessor-version":[{"id":12775,"href":"https:\/\/impactodenoticias.com.ar\/index.php?rest_route=\/wp\/v2\/posts\/12772\/revisions\/12775"}],"wp:featuredmedia":[{"embeddable":true,"href":"https:\/\/impactodenoticias.com.ar\/index.php?rest_route=\/wp\/v2\/media\/12774"}],"wp:attachment":[{"href":"https:\/\/impactodenoticias.com.ar\/index.php?rest_route=%2Fwp%2Fv2%2Fmedia&parent=12772"}],"wp:term":[{"taxonomy":"category","embeddable":true,"href":"https:\/\/impactodenoticias.com.ar\/index.php?rest_route=%2Fwp%2Fv2%2Fcategories&post=12772"},{"taxonomy":"post_tag","embeddable":true,"href":"https:\/\/impactodenoticias.com.ar\/index.php?rest_route=%2Fwp%2Fv2%2Ftags&post=12772"}],"curies":[{"name":"wp","href":"https:\/\/api.w.org\/{rel}","templated":true}]}}