{"id":12805,"date":"2025-04-20T11:38:18","date_gmt":"2025-04-20T14:38:18","guid":{"rendered":"https:\/\/impactodenoticias.com.ar\/?p=12805"},"modified":"2025-04-20T12:13:33","modified_gmt":"2025-04-20T15:13:33","slug":"ganeral-campos-volcaron-tras-intentar-esquivar-un-pozo-en-ruta-22","status":"publish","type":"post","link":"https:\/\/impactodenoticias.com.ar\/?p=12805","title":{"rendered":"General Campos: volcaron tras intentar esquivar un pozo en ruta 22"},"content":{"rendered":"\n<h2 class=\"wp-block-heading\">En el autom\u00f3vil se trasladaban cuatro personas, dos de ellas tuvieron que ser derivados al hospital m\u00e1s cercano para su atenci\u00f3n.<\/h2>\n\n\n\n<p>Un autom\u00f3vil volc\u00f3 en Entre R\u00edos al intentar esquivar un pozo. El accidente vial se registr\u00f3 este s\u00e1bado en la Ruta 22, kil\u00f3metro 50, y requiri\u00f3 de la atenci\u00f3n del personal policial de Comisar\u00eda de General Campos.<\/p>\n\n\n\n<p>Una vez en el lugar, los funcionarios policiales constataron que un autom\u00f3vil marca Volkswagen Gacel habr\u00eda volcado. En el veh\u00edculo circulaban cuatro ocupantes.<\/p>\n\n\n\n<p>Del total de personas que iban, dos fueron trasladados a la ciudad de Federal, donde se inform\u00f3 que poseen lesiones de car\u00e1cter leves.<\/p>\n\n\n\n<p>Consultados sobre las causas del siniestro vial, se inform\u00f3 que habr\u00edan intentado esquivar un pozo de grandes dimensiones que se encuentra en ese tramo.<\/p>\n","protected":false},"excerpt":{"rendered":"<p>En el autom&oacute;vil se trasladaban cuatro personas, dos de ellas tuvieron que ser derivados al hospital m&aacute;s cercano para su atenci&oacute;n. Un autom&oacute;vil volc&oacute; en Entre R&iacute;os al intentar esquivar un pozo. El accidente vial se registr&oacute; este s&aacute;bado en la Ruta 22, kil&oacute;metro 50, y requiri&oacute; de la atenci&oacute;n del personal policial de Comisar&iacute;a [&hellip;]<\/p>\n","protected":false},"author":2,"featured_media":12806,"comment_status":"open","ping_status":"open","sticky":false,"template":"","format":"standard","meta":{"footnotes":""},"categories":[8,4],"tags":[507,315,394,5022,5023,336],"class_list":["post-12805","post","type-post","status-publish","format-standard","has-post-thumbnail","hentry","category-policiales","category-provinciales","tag-auto","tag-general-campos","tag-heridos","tag-pozo","tag-ruta-22","tag-vuelco"],"_links":{"self":[{"href":"https:\/\/impactodenoticias.com.ar\/index.php?rest_route=\/wp\/v2\/posts\/12805","targetHints":{"allow":["GET"]}}],"collection":[{"href":"https:\/\/impactodenoticias.com.ar\/index.php?rest_route=\/wp\/v2\/posts"}],"about":[{"href":"https:\/\/impactodenoticias.com.ar\/index.php?rest_route=\/wp\/v2\/types\/post"}],"author":[{"embeddable":true,"href":"https:\/\/impactodenoticias.com.ar\/index.php?rest_route=\/wp\/v2\/users\/2"}],"replies":[{"embeddable":true,"href":"https:\/\/impactodenoticias.com.ar\/index.php?rest_route=%2Fwp%2Fv2%2Fcomments&post=12805"}],"version-history":[{"count":2,"href":"https:\/\/impactodenoticias.com.ar\/index.php?rest_route=\/wp\/v2\/posts\/12805\/revisions"}],"predecessor-version":[{"id":12808,"href":"https:\/\/impactodenoticias.com.ar\/index.php?rest_route=\/wp\/v2\/posts\/12805\/revisions\/12808"}],"wp:featuredmedia":[{"embeddable":true,"href":"https:\/\/impactodenoticias.com.ar\/index.php?rest_route=\/wp\/v2\/media\/12806"}],"wp:attachment":[{"href":"https:\/\/impactodenoticias.com.ar\/index.php?rest_route=%2Fwp%2Fv2%2Fmedia&parent=12805"}],"wp:term":[{"taxonomy":"category","embeddable":true,"href":"https:\/\/impactodenoticias.com.ar\/index.php?rest_route=%2Fwp%2Fv2%2Fcategories&post=12805"},{"taxonomy":"post_tag","embeddable":true,"href":"https:\/\/impactodenoticias.com.ar\/index.php?rest_route=%2Fwp%2Fv2%2Ftags&post=12805"}],"curies":[{"name":"wp","href":"https:\/\/api.w.org\/{rel}","templated":true}]}}