{"id":12825,"date":"2025-04-21T09:32:39","date_gmt":"2025-04-21T12:32:39","guid":{"rendered":"https:\/\/impactodenoticias.com.ar\/?p=12825"},"modified":"2025-04-22T10:39:20","modified_gmt":"2025-04-22T13:39:20","slug":"el-gobierno-nacional-decretara-siete-dias-de-duelo-nacional-por-la-muerte-del-papa-francisco","status":"publish","type":"post","link":"https:\/\/impactodenoticias.com.ar\/?p=12825","title":{"rendered":"El Gobierno nacional decretar\u00e1 siete d\u00edas de duelo nacional por la muerte del Papa Francisco"},"content":{"rendered":"\n<h2 class=\"wp-block-heading\">As\u00ed lo anunci\u00f3 el vocero presidencial, Manuel Adorni apenas conocida la triste noticia, a trav\u00e9s de su cuenta en la red social X.<\/h2>\n\n\n\n<p>El presidente Javier Milei decretar\u00e1 siete d\u00edas de duelo nacional por el fallecimiento del Papa Francisco, Jorge Bergoglio, ocurrido este lunes en Roma.<\/p>\n\n\n\n<p><\/p>\n\n\n\n<blockquote class=\"twitter-tweet\"><p lang=\"es\" dir=\"ltr\">Falleci\u00f3 el Papa Francisco, Jorge Bergoglio. L\u00edder espiritual y gu\u00eda de millones de hombres y mujeres.<br><br>El Presidente de la Naci\u00f3n decretar\u00e1 siete d\u00edas de duelo por el fallecimiento del Santo Padre.<br><br>Q.E.P.D.<\/p>&mdash; Manuel Adorni (@madorni) <a href=\"https:\/\/twitter.com\/madorni\/status\/1914261292610711625?ref_src=twsrc%5Etfw\">April 21, 2025<\/a><\/blockquote> <script async src=\"https:\/\/platform.twitter.com\/widgets.js\" charset=\"utf-8\"><\/script>\n\n\n\n<p><\/p>\n\n\n\n<p>El vocero presidencial Manuel Adorni fue el encargado de anunciar la medida a trav\u00e9s de su cuenta de X (ex Twitter):<\/p>\n\n\n\n<p>\u201cFalleci\u00f3 el Papa Francisco, Jorge Bergoglio. L\u00edder espiritual y gu\u00eda de millones de hombres y mujeres. El Presidente de la Naci\u00f3n decretar\u00e1 siete d\u00edas de duelo por el fallecimiento del Santo Padre. Q.E.P.D.\u201d<\/p>\n\n\n\n<p>La decisi\u00f3n oficial ser\u00e1 publicada en las pr\u00f3ximas horas en el Bolet\u00edn Oficial. Se espera tambi\u00e9n una declaraci\u00f3n institucional del presidente Milei, quien hab\u00eda mantenido una relaci\u00f3n complicada con el sumo pont\u00edfice, sin embargo en los \u00faltimos meses se hab\u00edan producido algunas se\u00f1ales de acercamiento.<\/p>\n","protected":false},"excerpt":{"rendered":"<p>As&iacute; lo anunci&oacute; el vocero presidencial, Manuel Adorni apenas conocida la triste noticia, a trav&eacute;s de su cuenta en la red social X. El presidente Javier Milei decretar&aacute; siete d&iacute;as de duelo nacional por el fallecimiento del Papa Francisco, Jorge Bergoglio, ocurrido este lunes en Roma. Falleci&oacute; el Papa Francisco, Jorge Bergoglio. L&iacute;der espiritual y [&hellip;]<\/p>\n","protected":false},"author":2,"featured_media":12826,"comment_status":"open","ping_status":"open","sticky":false,"template":"","format":"standard","meta":{"footnotes":""},"categories":[10,49],"tags":[5025,5027,433,369,1692,5026],"class_list":["post-12825","post","type-post","status-publish","format-standard","has-post-thumbnail","hentry","category-nacionales","category-sociedad","tag-duelo","tag-francisco","tag-gobierno","tag-muerte","tag-nacional","tag-papa"],"_links":{"self":[{"href":"https:\/\/impactodenoticias.com.ar\/index.php?rest_route=\/wp\/v2\/posts\/12825","targetHints":{"allow":["GET"]}}],"collection":[{"href":"https:\/\/impactodenoticias.com.ar\/index.php?rest_route=\/wp\/v2\/posts"}],"about":[{"href":"https:\/\/impactodenoticias.com.ar\/index.php?rest_route=\/wp\/v2\/types\/post"}],"author":[{"embeddable":true,"href":"https:\/\/impactodenoticias.com.ar\/index.php?rest_route=\/wp\/v2\/users\/2"}],"replies":[{"embeddable":true,"href":"https:\/\/impactodenoticias.com.ar\/index.php?rest_route=%2Fwp%2Fv2%2Fcomments&post=12825"}],"version-history":[{"count":1,"href":"https:\/\/impactodenoticias.com.ar\/index.php?rest_route=\/wp\/v2\/posts\/12825\/revisions"}],"predecessor-version":[{"id":12827,"href":"https:\/\/impactodenoticias.com.ar\/index.php?rest_route=\/wp\/v2\/posts\/12825\/revisions\/12827"}],"wp:featuredmedia":[{"embeddable":true,"href":"https:\/\/impactodenoticias.com.ar\/index.php?rest_route=\/wp\/v2\/media\/12826"}],"wp:attachment":[{"href":"https:\/\/impactodenoticias.com.ar\/index.php?rest_route=%2Fwp%2Fv2%2Fmedia&parent=12825"}],"wp:term":[{"taxonomy":"category","embeddable":true,"href":"https:\/\/impactodenoticias.com.ar\/index.php?rest_route=%2Fwp%2Fv2%2Fcategories&post=12825"},{"taxonomy":"post_tag","embeddable":true,"href":"https:\/\/impactodenoticias.com.ar\/index.php?rest_route=%2Fwp%2Fv2%2Ftags&post=12825"}],"curies":[{"name":"wp","href":"https:\/\/api.w.org\/{rel}","templated":true}]}}