{"id":12837,"date":"2025-04-21T17:29:12","date_gmt":"2025-04-21T20:29:12","guid":{"rendered":"https:\/\/impactodenoticias.com.ar\/?p=12837"},"modified":"2025-04-22T10:39:07","modified_gmt":"2025-04-22T13:39:07","slug":"el-gobierno-de-entre-rios-decreta-una-semana-de-duelo-por-el-fallecimiento-del-papa-francisco","status":"publish","type":"post","link":"https:\/\/impactodenoticias.com.ar\/?p=12837","title":{"rendered":"El gobierno de Entre R\u00edos decreta una semana de duelo por el fallecimiento del Papa Francisco"},"content":{"rendered":"\n<h2 class=\"wp-block-heading\">Durante los pr\u00f3ximos siete d\u00edas no habr\u00e1 actos oficiales y las banderas de los edificios p\u00fablicos ser\u00e1n puestas a media asta en todo el territorio provincial.<\/h2>\n\n\n\n<p>De mismo modo a las medidas dispuestas por el gobierno nacional, se ha decretado un duelo de siete d\u00edas en la provincia debido al fallecimiento del Papa Francisco ocurrido este lunes en horas de la ma\u00f1ana. No se realizar\u00e1n actos oficiales y las banderas de los edificios p\u00fablicos estar\u00e1n a media asta.<\/p>\n\n\n\n<p>El gobernador Rogelio Frigerio destac\u00f3 en sus redes sociales la trascendencia hist\u00f3rica de Francisco, al ser el \u201cprimer Papa argentino y latinoamericano\u201d.<\/p>\n\n\n\n<p>Si bien lament\u00f3 que el Sumo Pont\u00edfice no pudiera concretar su visita a Argentina durante su papado, subray\u00f3 que dej\u00f3 una \u201cmarca indeleble\u201d en t\u00e9rminos de la visi\u00f3n del pr\u00f3jimo y del di\u00e1logo para la iglesia.<\/p>\n\n\n\n<p>Y agreg\u00f3 que tanto el pueblo entrerriano como el argentino se encuentran \u201cmuy conmovidos y dolidos\u201d por esta p\u00e9rdida. Manifest\u00f3 su \u201cprofundo sentimiento de congoja\u201d y su certeza de que el Papa Francisco se encuentra \u201cdescansando en paz\u201d.<\/p>\n\n\n\n<p class=\"has-medium-font-size\"><strong>Que es el duelo nacional<\/strong><\/p>\n\n\n\n<p>El duelo nacional es un per\u00edodo de luto y conmemoraci\u00f3n que se declara ante tragedias o fallecimientos de personas notables para el pa\u00eds y por la cual el gobierno presenta los respetos hacia, en este caso, una persona. Como s\u00edmbolo de esta manifestaci\u00f3n se utiliza la bandera a media asta en edificios p\u00fablicos y la suspensi\u00f3n de actos oficiales.<\/p>\n","protected":false},"excerpt":{"rendered":"<p>Durante los pr&oacute;ximos siete d&iacute;as no habr&aacute; actos oficiales y las banderas de los edificios p&uacute;blicos ser&aacute;n puestas a media asta en todo el territorio provincial. De mismo modo a las medidas dispuestas por el gobierno nacional, se ha decretado un duelo de siete d&iacute;as en la provincia debido al fallecimiento del Papa Francisco ocurrido [&hellip;]<\/p>\n","protected":false},"author":2,"featured_media":12838,"comment_status":"open","ping_status":"open","sticky":false,"template":"","format":"standard","meta":{"footnotes":""},"categories":[4,49],"tags":[5025,33,5027,433,369,5026,5029],"class_list":["post-12837","post","type-post","status-publish","format-standard","has-post-thumbnail","hentry","category-provinciales","category-sociedad","tag-duelo","tag-entre-rios","tag-francisco","tag-gobierno","tag-muerte","tag-papa","tag-semana"],"_links":{"self":[{"href":"https:\/\/impactodenoticias.com.ar\/index.php?rest_route=\/wp\/v2\/posts\/12837","targetHints":{"allow":["GET"]}}],"collection":[{"href":"https:\/\/impactodenoticias.com.ar\/index.php?rest_route=\/wp\/v2\/posts"}],"about":[{"href":"https:\/\/impactodenoticias.com.ar\/index.php?rest_route=\/wp\/v2\/types\/post"}],"author":[{"embeddable":true,"href":"https:\/\/impactodenoticias.com.ar\/index.php?rest_route=\/wp\/v2\/users\/2"}],"replies":[{"embeddable":true,"href":"https:\/\/impactodenoticias.com.ar\/index.php?rest_route=%2Fwp%2Fv2%2Fcomments&post=12837"}],"version-history":[{"count":1,"href":"https:\/\/impactodenoticias.com.ar\/index.php?rest_route=\/wp\/v2\/posts\/12837\/revisions"}],"predecessor-version":[{"id":12839,"href":"https:\/\/impactodenoticias.com.ar\/index.php?rest_route=\/wp\/v2\/posts\/12837\/revisions\/12839"}],"wp:featuredmedia":[{"embeddable":true,"href":"https:\/\/impactodenoticias.com.ar\/index.php?rest_route=\/wp\/v2\/media\/12838"}],"wp:attachment":[{"href":"https:\/\/impactodenoticias.com.ar\/index.php?rest_route=%2Fwp%2Fv2%2Fmedia&parent=12837"}],"wp:term":[{"taxonomy":"category","embeddable":true,"href":"https:\/\/impactodenoticias.com.ar\/index.php?rest_route=%2Fwp%2Fv2%2Fcategories&post=12837"},{"taxonomy":"post_tag","embeddable":true,"href":"https:\/\/impactodenoticias.com.ar\/index.php?rest_route=%2Fwp%2Fv2%2Ftags&post=12837"}],"curies":[{"name":"wp","href":"https:\/\/api.w.org\/{rel}","templated":true}]}}