{"id":12908,"date":"2025-04-24T09:57:49","date_gmt":"2025-04-24T12:57:49","guid":{"rendered":"https:\/\/impactodenoticias.com.ar\/?p=12908"},"modified":"2025-04-24T09:57:49","modified_gmt":"2025-04-24T12:57:49","slug":"barrio-el-morro-detuvieron-a-un-sujeto-y-secuestraron-armas-tras-una-denuncia-por-amenazas","status":"publish","type":"post","link":"https:\/\/impactodenoticias.com.ar\/?p=12908","title":{"rendered":"Barrio El Morro: detuvieron a un sujeto y secuestraron armas tras una denuncia por amenazas"},"content":{"rendered":"\n<h2 class=\"wp-block-heading\">La vivienda de un hombre en el barrio El Morro de Paran\u00e1 fue allanado y arrestado luego de ser denunciado por amenazas. La familia se\u00f1al\u00f3 que el sujeto -a quien conoc\u00edan porque era familiar- apareci\u00f3 en la vivienda en horas de la noche de este mi\u00e9rcoles y los amenaz\u00f3 con una pistola.<\/h2>\n\n\n\n<p>Efectivos pertenecientes a la Comisar\u00eda Sexta se entrevistaron con los damnificados, quienes se\u00f1alaron que se encontraban en su finca cuando un menor de edad les inform\u00f3 sobre la presencia de un hombre sospechoso en las cercan\u00edas.<\/p>\n\n\n\n<p>Los damnificados identificaron al individuo como un familiar, quien se present\u00f3 con una remera blanca y negra y short de f\u00fatbol negro. Este sujeto exhibi\u00f3 un arma de fuego tipo 9 mil\u00edmetros y efectu\u00f3 amenazas hacia los presentes antes de darse a la fuga hacia el este por la calle Dugratty.<\/p>\n\n\n\n<p>Los polic\u00edas verificaron el domicilio del presunto agresor, y ubicaron al mismo sumamente nervioso. Al allanar la propiedad, se detectaron los siguientes elementos en una zona accesible desde la calle: un arma de fuego calibre 9mm; un arma de fuego tipo pistola calibre .380 marca Bersa modelo Thunder .380, con cargador, diversos cartuchos y un cargador para la pistola calibre .380.<\/p>\n\n\n\n<p>El hombre involucrado fue identificado y arrestado por las autoridades policiales. Se dio intervenci\u00f3n a la Fiscal en Turno, quien orden\u00f3 el traslado del detenido a Alcald\u00eda Tribunales.<\/p>\n","protected":false},"excerpt":{"rendered":"<p>La vivienda de un hombre en el barrio El Morro de Paran&aacute; fue allanado y arrestado luego de ser denunciado por amenazas. La familia se&ntilde;al&oacute; que el sujeto -a quien conoc&iacute;an porque era familiar- apareci&oacute; en la vivienda en horas de la noche de este mi&eacute;rcoles y los amenaz&oacute; con una pistola. Efectivos pertenecientes a [&hellip;]<\/p>\n","protected":false},"author":2,"featured_media":12909,"comment_status":"open","ping_status":"open","sticky":false,"template":"","format":"standard","meta":{"footnotes":""},"categories":[3,8],"tags":[1004,1108,1145,175,2345,95],"class_list":["post-12908","post","type-post","status-publish","format-standard","has-post-thumbnail","hentry","category-locales","category-policiales","tag-amenazas","tag-arma","tag-barrio","tag-detenido","tag-el-morro","tag-parana"],"_links":{"self":[{"href":"https:\/\/impactodenoticias.com.ar\/index.php?rest_route=\/wp\/v2\/posts\/12908","targetHints":{"allow":["GET"]}}],"collection":[{"href":"https:\/\/impactodenoticias.com.ar\/index.php?rest_route=\/wp\/v2\/posts"}],"about":[{"href":"https:\/\/impactodenoticias.com.ar\/index.php?rest_route=\/wp\/v2\/types\/post"}],"author":[{"embeddable":true,"href":"https:\/\/impactodenoticias.com.ar\/index.php?rest_route=\/wp\/v2\/users\/2"}],"replies":[{"embeddable":true,"href":"https:\/\/impactodenoticias.com.ar\/index.php?rest_route=%2Fwp%2Fv2%2Fcomments&post=12908"}],"version-history":[{"count":1,"href":"https:\/\/impactodenoticias.com.ar\/index.php?rest_route=\/wp\/v2\/posts\/12908\/revisions"}],"predecessor-version":[{"id":12910,"href":"https:\/\/impactodenoticias.com.ar\/index.php?rest_route=\/wp\/v2\/posts\/12908\/revisions\/12910"}],"wp:featuredmedia":[{"embeddable":true,"href":"https:\/\/impactodenoticias.com.ar\/index.php?rest_route=\/wp\/v2\/media\/12909"}],"wp:attachment":[{"href":"https:\/\/impactodenoticias.com.ar\/index.php?rest_route=%2Fwp%2Fv2%2Fmedia&parent=12908"}],"wp:term":[{"taxonomy":"category","embeddable":true,"href":"https:\/\/impactodenoticias.com.ar\/index.php?rest_route=%2Fwp%2Fv2%2Fcategories&post=12908"},{"taxonomy":"post_tag","embeddable":true,"href":"https:\/\/impactodenoticias.com.ar\/index.php?rest_route=%2Fwp%2Fv2%2Ftags&post=12908"}],"curies":[{"name":"wp","href":"https:\/\/api.w.org\/{rel}","templated":true}]}}