{"id":13017,"date":"2025-04-30T13:05:22","date_gmt":"2025-04-30T16:05:22","guid":{"rendered":"https:\/\/impactodenoticias.com.ar\/?p=13017"},"modified":"2025-05-01T10:05:57","modified_gmt":"2025-05-01T13:05:57","slug":"el-hermanos-etchevehere-a-indagatoria-por-extorsion-y-violencia-economica-contra-su-hermana","status":"publish","type":"post","link":"https:\/\/impactodenoticias.com.ar\/?p=13017","title":{"rendered":"Los hermanos Etchevehere a indagatoria por extorsi\u00f3n y violencia econ\u00f3mica contra su hermana"},"content":{"rendered":"\n<h2 class=\"wp-block-heading\">Luis Miguel, Juan Diego y Sebasti\u00e1n fueron convocados, junto con su madre Leonor Barbero, por el juez Federal, Leandro R\u00edos.<\/h2>\n\n\n\n<p>El juez Federal de Paran\u00e1, Leandro R\u00edos, cit\u00f3 a indagatoria a los tres hermanos varones Etchevehere y su madre en una causa surgida a ra\u00edz de una denuncia de la hermana, Dolores Etchevehere, por extorsi\u00f3n y violencia econ\u00f3mica en el marco de la sucesi\u00f3n familiar, luego de la muerte de Luis F\u00e9lix Etchevehere.<\/p>\n\n\n\n<p><\/p>\n\n\n\n<figure class=\"wp-block-image size-full\"><img loading=\"lazy\" decoding=\"async\" width=\"642\" height=\"361\" src=\"https:\/\/impactodenoticias.com.ar\/wp-content\/uploads\/2025\/04\/mileo-etcheveherejpg.webp\" alt=\"\" class=\"wp-image-13018\" srcset=\"https:\/\/impactodenoticias.com.ar\/wp-content\/uploads\/2025\/04\/mileo-etcheveherejpg.webp 642w, https:\/\/impactodenoticias.com.ar\/wp-content\/uploads\/2025\/04\/mileo-etcheveherejpg-300x169.webp 300w\" sizes=\"auto, (max-width: 642px) 100vw, 642px\" \/><\/figure>\n\n\n\n<p><\/p>\n\n\n\n<p>Luis Miguel, ex ministro de Agroindustria del gobierno de Cambiemos entre 2015 y 2019, fue citado para el 2 de junio a las 9.30 horas en el Juzgado de calle 25 de Mayo de la capital entrerriana. Arturo Sebasti\u00e1n, ex candidato a gobernador de La Libertad Avanza y actual funcionaria como titular de ANSES en Paran\u00e1, est\u00e1 citado a las 10.30. Juan Diego, ex delegado del Enacom en Entre R\u00edos durante el gobierno de Mauricio Macri, fue llamado para el 3 de junio a las 9.30. Y la madre de los tres y de Dolores, Leonor Barbero Marcial, debe presentarse el 3 a las 10.30.<\/p>\n\n\n\n<p>La citaci\u00f3n indica que deber\u00e1n concurrir u ofrecer una causa debidamente justificada para no hacerlo, de lo contrario podr\u00edan ordenarse sus \u201cinmediatas detenciones\u201d.<\/p>\n\n\n\n<p>La causa comenz\u00f3 con la denuncia de Dolores contra sus hermanos y su madre la tom\u00f3 originalmente el juez Federal, Daniel Rafecas, en Capital Federal. La investigaci\u00f3n recay\u00f3 en el fiscal federal Federico Delgado, quien en 2021 elev\u00f3 un dictamen a Rafecas, quien con posterioridad transfiri\u00f3 el expediente a su colega de Paran\u00e1, Leandro R\u00edos, en el transcurso del mismo a\u00f1o.<\/p>\n\n\n\n<p>El fiscal dio validez a las acusaciones de Dolores: sintetizando, que la forzaron a aceptar un acuerdo privado por la sucesi\u00f3n de su padre, Luis F\u00e9lix, pero ese pacto no tiene validez legal y la sucesi\u00f3n contin\u00faa abierta y pendiente de otorgarle a Dolores la parte que le corresponde.<\/p>\n\n\n\n<p>La spruebas presnetadas<\/p>\n\n\n\n<p>La denunciante subray\u00f3 que la investigaci\u00f3n judicial avanz\u00f3 con pruebas clave: Dolores fue relevada del secreto bancario, lo que permiti\u00f3 a la Polic\u00eda Federal elaborar un informe financiero. De acuerdo a ese documento, ella no recibi\u00f3 \u201cning\u00fan pago correspondiente a su parte leg\u00edtima de la herencia\u201d, pese a lo asegurado por los denunciados.<\/p>\n\n\n\n<p>\u201cLos hechos denunciados por Dolores Etchevehere encuentran encuadradas en las previsiones del art\u00edculo 168 del C\u00f3digo Penal, el cual prev\u00e9 que \u2018ser\u00e1 reprimido con reclusi\u00f3n o prisi\u00f3n de cinco a diez a\u00f1os, el que con intimidaci\u00f3n o simulando autoridad p\u00fablica o falsa orden de la misma, obligue a otro a entregar, enviar, depositar o poner a su disposici\u00f3n o a la de un tercero, cosas, dinero o documentos que produzcan efectos jur\u00eddicos\u2019\u201d, dictamin\u00f3 Delgado en 2021.<\/p>\n\n\n\n<p>El fiscal constat\u00f3 que Dolores sufri\u00f3 un \u201cmecanismo de intimidaci\u00f3n derivado del uso particular del sistema institucional para torcer su voluntad y que, en consecuencia, producto de la asfixia econ\u00f3mica, suscribi\u00f3 un acuerdo privado de divisi\u00f3n de bienes independientemente de las previsiones del C\u00f3digo Civil y Comercial en materia sucesoria\u201d.<\/p>\n\n\n\n<p>como ejemplo cit\u00f3 Delgado, que un documento que cede la parte de Dolores en la empresa Las Margaritas S.A. a una constructora creada en 2014 carece de validez porque ella no se encontraba en Paran\u00e1 en la fecha que figura en el documento oficial. La prueba la aport\u00f3 la compa\u00f1\u00eda telef\u00f3nica Claro que rastre\u00f3 la localizaci\u00f3n del celular de la supuesta firmante. \u201cRefuerza la hip\u00f3tesis de que se habr\u00eda utilizado documentaci\u00f3n ap\u00f3crifa o simulada\u201d, apuntaron desde el entorno de la denunciante.<\/p>\n\n\n\n<p>La causa federal por extorsi\u00f3n y violencia econ\u00f3mica avanza, simult\u00e1neamente en la Justicia de la provincia se lleva adelante el juicio oral contra Dolores por la usurpaci\u00f3n del campo familiar en Santa Elena en 2020.<\/p>\n","protected":false},"excerpt":{"rendered":"<p>Luis Miguel, Juan Diego y Sebasti&aacute;n fueron convocados, junto con su madre Leonor Barbero, por el juez Federal, Leandro R&iacute;os. El juez Federal de Paran&aacute;, Leandro R&iacute;os, cit&oacute; a indagatoria a los tres hermanos varones Etchevehere y su madre en una causa surgida a ra&iacute;z de una denuncia de la hermana, Dolores Etchevehere, por extorsi&oacute;n [&hellip;]<\/p>\n","protected":false},"author":2,"featured_media":13019,"comment_status":"open","ping_status":"open","sticky":false,"template":"","format":"standard","meta":{"footnotes":""},"categories":[90,11,4],"tags":[931,5085,5081,2553,4520,212,5084,881,5086,5083,5082],"class_list":["post-13017","post","type-post","status-publish","format-standard","has-post-thumbnail","hentry","category-judicial","category-politica","category-provinciales","tag-citacion","tag-dolores-etchevehere","tag-etchevehere","tag-hermanos","tag-indagatoria","tag-javier-milei","tag-juan-diego","tag-leandro-rios","tag-leonor-barbero","tag-luis-miguel-etchevehere","tag-sebestian-etchevehere"],"_links":{"self":[{"href":"https:\/\/impactodenoticias.com.ar\/index.php?rest_route=\/wp\/v2\/posts\/13017","targetHints":{"allow":["GET"]}}],"collection":[{"href":"https:\/\/impactodenoticias.com.ar\/index.php?rest_route=\/wp\/v2\/posts"}],"about":[{"href":"https:\/\/impactodenoticias.com.ar\/index.php?rest_route=\/wp\/v2\/types\/post"}],"author":[{"embeddable":true,"href":"https:\/\/impactodenoticias.com.ar\/index.php?rest_route=\/wp\/v2\/users\/2"}],"replies":[{"embeddable":true,"href":"https:\/\/impactodenoticias.com.ar\/index.php?rest_route=%2Fwp%2Fv2%2Fcomments&post=13017"}],"version-history":[{"count":2,"href":"https:\/\/impactodenoticias.com.ar\/index.php?rest_route=\/wp\/v2\/posts\/13017\/revisions"}],"predecessor-version":[{"id":13030,"href":"https:\/\/impactodenoticias.com.ar\/index.php?rest_route=\/wp\/v2\/posts\/13017\/revisions\/13030"}],"wp:featuredmedia":[{"embeddable":true,"href":"https:\/\/impactodenoticias.com.ar\/index.php?rest_route=\/wp\/v2\/media\/13019"}],"wp:attachment":[{"href":"https:\/\/impactodenoticias.com.ar\/index.php?rest_route=%2Fwp%2Fv2%2Fmedia&parent=13017"}],"wp:term":[{"taxonomy":"category","embeddable":true,"href":"https:\/\/impactodenoticias.com.ar\/index.php?rest_route=%2Fwp%2Fv2%2Fcategories&post=13017"},{"taxonomy":"post_tag","embeddable":true,"href":"https:\/\/impactodenoticias.com.ar\/index.php?rest_route=%2Fwp%2Fv2%2Ftags&post=13017"}],"curies":[{"name":"wp","href":"https:\/\/api.w.org\/{rel}","templated":true}]}}