{"id":13063,"date":"2025-05-02T15:28:31","date_gmt":"2025-05-02T18:28:31","guid":{"rendered":"https:\/\/impactodenoticias.com.ar\/?p=13063"},"modified":"2025-05-04T13:27:59","modified_gmt":"2025-05-04T16:27:59","slug":"sonia-velazquez-cuestiono-fuertemente-al-ministro-de-gobierno-y-trabajo-luego-de-sus-declaraciones-sobre-el-iosper","status":"publish","type":"post","link":"https:\/\/impactodenoticias.com.ar\/?p=13063","title":{"rendered":"Sonia Vel\u00e1zquez cuestion\u00f3 fuertemente al ministro de Gobierno y Trabajo luego de sus declaraciones sobre el IOSPER"},"content":{"rendered":"\n<h2 class=\"wp-block-heading\">La ex Ministra de Salud de la Provincia de Entre R\u00edos, calific\u00f3 como \u201cpreocupante\u201d el supuesto desconocimiento sobre el IOSPER por parte del titular de Gobierno y Trabajo, Manuel Troncoso.<\/h2>\n\n\n\n<p>Vel\u00e1zquez sali\u00f3 al cruce de este modo, por medio de sus redes sociales, luego de las declaraciones que Troncoso realiz\u00f3 hace unos d\u00edas atr\u00e1s, cuando defendi\u00f3 el proyecto de ley que crea la Obra Social de Entre R\u00edos (OSER) en reemplazo del Instituto de Obra Social de la Provincia de Entre R\u00edos (Iosper), argumentando que la gesti\u00f3n anterior carec\u00eda de administraci\u00f3n eficiente y profesional, con salarios excesivos en el directorio obrero.<\/p>\n\n\n\n<p class=\"has-medium-font-size\"><strong>A continuaci\u00f3n, el texto dado a conocer por la ex ministra:<\/strong><\/p>\n\n\n\n<p><em>\u201cEl desconocimiento que demuestra en sus declaraciones el actual Ministro de Gobierno de Entre R\u00edos acerca de la obra social de los trabajadores del Estado es preocupante\u201d.<\/em><\/p>\n\n\n\n<p><em>\u201cIosper no recibe recursos del tesoro provincial, ni de rentas generales. Se auto financia con recursos propios que se constituyen con aportes de los Trabajadores activos y pasivos en proporci\u00f3n a su salario, y de la contribuci\u00f3n patronal que puede ser de jurisdicci\u00f3n provincial, municipal, comunal. El Estado provincial \u00fanicamente act\u00faa como agente de retenci\u00f3n de los aportes personales deducidos de los salarios\u201d.<\/em><\/p>\n\n\n\n<p><em>\u201cEl impuesto que paga el ciudadano entrerriano no es para financiar la Obra Social. Estos recursos son para gastos operativos del gobierno provincial\u201d.<\/em><\/p>\n\n\n\n<p><em>\u201cY por si no les inform\u00f3 el asesor que plagi\u00f3 el proyecto de ley de la Obra Social de la ciudad de Buenos Aires para conformar OSER en Entre R\u00edos, OSER en nuestra provincia es la Orquesta Sinf\u00f3nica de Entre R\u00edos\u201d.<\/em><\/p>\n","protected":false},"excerpt":{"rendered":"<p>La ex Ministra de Salud de la Provincia de Entre R&iacute;os, calific&oacute; como &ldquo;preocupante&rdquo; el supuesto desconocimiento sobre el IOSPER por parte del titular de Gobierno y Trabajo, Manuel Troncoso. Vel&aacute;zquez sali&oacute; al cruce de este modo, por medio de sus redes sociales, luego de las declaraciones que Troncoso realiz&oacute; hace unos d&iacute;as atr&aacute;s, cuando [&hellip;]<\/p>\n","protected":false},"author":2,"featured_media":13064,"comment_status":"open","ping_status":"open","sticky":false,"template":"","format":"standard","meta":{"footnotes":""},"categories":[11,4],"tags":[47,33,329,332,5078,4319],"class_list":["post-13063","post","type-post","status-publish","format-standard","has-post-thumbnail","hentry","category-politica","category-provinciales","tag-criticas","tag-entre-rios","tag-iosper","tag-manuel-troncoso","tag-oser","tag-sonia-velazquez"],"_links":{"self":[{"href":"https:\/\/impactodenoticias.com.ar\/index.php?rest_route=\/wp\/v2\/posts\/13063","targetHints":{"allow":["GET"]}}],"collection":[{"href":"https:\/\/impactodenoticias.com.ar\/index.php?rest_route=\/wp\/v2\/posts"}],"about":[{"href":"https:\/\/impactodenoticias.com.ar\/index.php?rest_route=\/wp\/v2\/types\/post"}],"author":[{"embeddable":true,"href":"https:\/\/impactodenoticias.com.ar\/index.php?rest_route=\/wp\/v2\/users\/2"}],"replies":[{"embeddable":true,"href":"https:\/\/impactodenoticias.com.ar\/index.php?rest_route=%2Fwp%2Fv2%2Fcomments&post=13063"}],"version-history":[{"count":1,"href":"https:\/\/impactodenoticias.com.ar\/index.php?rest_route=\/wp\/v2\/posts\/13063\/revisions"}],"predecessor-version":[{"id":13065,"href":"https:\/\/impactodenoticias.com.ar\/index.php?rest_route=\/wp\/v2\/posts\/13063\/revisions\/13065"}],"wp:featuredmedia":[{"embeddable":true,"href":"https:\/\/impactodenoticias.com.ar\/index.php?rest_route=\/wp\/v2\/media\/13064"}],"wp:attachment":[{"href":"https:\/\/impactodenoticias.com.ar\/index.php?rest_route=%2Fwp%2Fv2%2Fmedia&parent=13063"}],"wp:term":[{"taxonomy":"category","embeddable":true,"href":"https:\/\/impactodenoticias.com.ar\/index.php?rest_route=%2Fwp%2Fv2%2Fcategories&post=13063"},{"taxonomy":"post_tag","embeddable":true,"href":"https:\/\/impactodenoticias.com.ar\/index.php?rest_route=%2Fwp%2Fv2%2Ftags&post=13063"}],"curies":[{"name":"wp","href":"https:\/\/api.w.org\/{rel}","templated":true}]}}