{"id":13085,"date":"2025-05-03T19:37:39","date_gmt":"2025-05-03T22:37:39","guid":{"rendered":"https:\/\/impactodenoticias.com.ar\/?p=13085"},"modified":"2025-05-03T19:37:40","modified_gmt":"2025-05-03T22:37:40","slug":"tras-el-asalto-a-una-financiera-de-parana-allanaron-dos-viviendas","status":"publish","type":"post","link":"https:\/\/impactodenoticias.com.ar\/?p=13085","title":{"rendered":"Tras el asalto a una financiera de Paran\u00e1 allanaron dos viviendas"},"content":{"rendered":"\n<h2 class=\"wp-block-heading\">El hecho se registr\u00f3 tuvo el 22 abril en una conocida financiera de Paran\u00e1. Secuestraron dinero en efectivo, prendas de vestir y otros elementos de inter\u00e9s para la causa.<\/h2>\n\n\n\n<p>Dos allanamientos fueron llevaron adelante por la Secci\u00f3n Investigaciones de la Polic\u00eda de Paran\u00e1, en el marco de una causa por el robo a una financiera. El asalto tuvo lugar el 22 de abril, a punta de pistola, en calle Per\u00fa de la capital entrerriana.<\/p>\n\n\n\n<p>El primer operativo policial se desarroll\u00f3 en una vivienda ubicada en Emilio Caraffa y Tom\u00e1s Guido. Una mujer fue identificada y se secuestraron casi 300 mil pesos y prendas de vestir.<\/p>\n\n\n\n<p>El segundo procedimiento fue en Avenida Pronunciamiento, donde se notific\u00f3 a un hombre. Secuestraron una moto, un celular y m\u00e1s de 1.3 millones de pesos.<\/p>\n","protected":false},"excerpt":{"rendered":"<p>El hecho se registr&oacute; tuvo el 22 abril en una conocida financiera de Paran&aacute;. Secuestraron dinero en efectivo, prendas de vestir y otros elementos de inter&eacute;s para la causa. Dos allanamientos fueron llevaron adelante por la Secci&oacute;n Investigaciones de la Polic&iacute;a de Paran&aacute;, en el marco de una causa por el robo a una financiera. [&hellip;]<\/p>\n","protected":false},"author":2,"featured_media":13086,"comment_status":"open","ping_status":"open","sticky":false,"template":"","format":"standard","meta":{"footnotes":""},"categories":[3,8],"tags":[1136,1144,1219,95],"class_list":["post-13085","post","type-post","status-publish","format-standard","has-post-thumbnail","hentry","category-locales","category-policiales","tag-allanamientos","tag-asalto","tag-financiera","tag-parana"],"_links":{"self":[{"href":"https:\/\/impactodenoticias.com.ar\/index.php?rest_route=\/wp\/v2\/posts\/13085","targetHints":{"allow":["GET"]}}],"collection":[{"href":"https:\/\/impactodenoticias.com.ar\/index.php?rest_route=\/wp\/v2\/posts"}],"about":[{"href":"https:\/\/impactodenoticias.com.ar\/index.php?rest_route=\/wp\/v2\/types\/post"}],"author":[{"embeddable":true,"href":"https:\/\/impactodenoticias.com.ar\/index.php?rest_route=\/wp\/v2\/users\/2"}],"replies":[{"embeddable":true,"href":"https:\/\/impactodenoticias.com.ar\/index.php?rest_route=%2Fwp%2Fv2%2Fcomments&post=13085"}],"version-history":[{"count":1,"href":"https:\/\/impactodenoticias.com.ar\/index.php?rest_route=\/wp\/v2\/posts\/13085\/revisions"}],"predecessor-version":[{"id":13087,"href":"https:\/\/impactodenoticias.com.ar\/index.php?rest_route=\/wp\/v2\/posts\/13085\/revisions\/13087"}],"wp:featuredmedia":[{"embeddable":true,"href":"https:\/\/impactodenoticias.com.ar\/index.php?rest_route=\/wp\/v2\/media\/13086"}],"wp:attachment":[{"href":"https:\/\/impactodenoticias.com.ar\/index.php?rest_route=%2Fwp%2Fv2%2Fmedia&parent=13085"}],"wp:term":[{"taxonomy":"category","embeddable":true,"href":"https:\/\/impactodenoticias.com.ar\/index.php?rest_route=%2Fwp%2Fv2%2Fcategories&post=13085"},{"taxonomy":"post_tag","embeddable":true,"href":"https:\/\/impactodenoticias.com.ar\/index.php?rest_route=%2Fwp%2Fv2%2Ftags&post=13085"}],"curies":[{"name":"wp","href":"https:\/\/api.w.org\/{rel}","templated":true}]}}