{"id":13091,"date":"2025-05-03T19:48:40","date_gmt":"2025-05-03T22:48:40","guid":{"rendered":"https:\/\/impactodenoticias.com.ar\/?p=13091"},"modified":"2025-05-03T19:48:41","modified_gmt":"2025-05-03T22:48:41","slug":"la-paz-un-joven-aguardaba-el-colectivo-y-lo-asaltaron-a-mano-armada","status":"publish","type":"post","link":"https:\/\/impactodenoticias.com.ar\/?p=13091","title":{"rendered":"La Paz: un joven aguardaba el colectivo y lo asaltaron a mano armada"},"content":{"rendered":"\n<h2 class=\"wp-block-heading\">Un violento robo a mano armada se produjo en la v\u00eda p\u00fablica de la ciudad de La Paz en la ma\u00f1ana de este s\u00e1bado, cuando un joven de 19 a\u00f1os fue asaltado con un arma tumbera en una parada de colectivo ubicada en inmediaciones al Arco de ingreso a la ciudad, en barrio F\u00e1tima.<\/h2>\n\n\n\n<p>La v\u00edctima \u201cse present\u00f3 espont\u00e1neamente en la dependencia policial y denunci\u00f3 que mientras aguardaba el colectivo fue abordado por un sujeto que lo amenaz\u00f3 con un arma de fuego, le sustrajo pertenencias personales y lo oblig\u00f3 a subir al transporte p\u00fablico\u201c, seg\u00f1un precisaron fuentes policiales.<\/p>\n\n\n\n<p>Gracias a los datos aportados y al r\u00e1pido accionar policial, se pudo interceptar y reducir al sospechoso en inmediaciones del Matadero Municipal, se observ\u00f3 en su poder una mochila azul, un casco, dos sillones playeros, un arma de fuego de fabricaci\u00f3n casera, cargada y lista para su uso con un cartucho calibre .22, adem\u00e1s de un cuchillo, entre otros elementos, seg\u00fan indicaron desde la Departamental La Paz de Polic\u00eda.<\/p>\n\n\n\n<p>El sujeto arrestado es un delincuente de 37 a\u00f1os con antecedentes delictivos de consideraci\u00f3n, agregaron desde la fuerza. Por disposici\u00f3n de la Fiscal\u00eda de La Paz en turno, se orden\u00f3 su aprehensi\u00f3n, el secuestro de los elementos secuestrados y el traslado del asaltante a la Alcaid\u00eda de la Jefatura Deparamental, donde permanecer\u00e1 alojado a disposici\u00f3n de la Justicia.<\/p>\n\n\n\n<p>Intervino personal de la Comisar\u00eda Primera y de la Divisi\u00f3n Polic\u00eda Cient\u00edfica local.<\/p>\n","protected":false},"excerpt":{"rendered":"<p>Un violento robo a mano armada se produjo en la v&iacute;a p&uacute;blica de la ciudad de La Paz en la ma&ntilde;ana de este s&aacute;bado, cuando un joven de 19 a&ntilde;os fue asaltado con un arma tumbera en una parada de colectivo ubicada en inmediaciones al Arco de ingreso a la ciudad, en barrio F&aacute;tima. La [&hellip;]<\/p>\n","protected":false},"author":2,"featured_media":13092,"comment_status":"open","ping_status":"open","sticky":false,"template":"","format":"standard","meta":{"footnotes":""},"categories":[8,4],"tags":[1108,1144,482,459,137,695,5105],"class_list":["post-13091","post","type-post","status-publish","format-standard","has-post-thumbnail","hentry","category-policiales","category-provinciales","tag-arma","tag-asalto","tag-colectivo","tag-fuego","tag-joven","tag-la-paz","tag-parada"],"_links":{"self":[{"href":"https:\/\/impactodenoticias.com.ar\/index.php?rest_route=\/wp\/v2\/posts\/13091","targetHints":{"allow":["GET"]}}],"collection":[{"href":"https:\/\/impactodenoticias.com.ar\/index.php?rest_route=\/wp\/v2\/posts"}],"about":[{"href":"https:\/\/impactodenoticias.com.ar\/index.php?rest_route=\/wp\/v2\/types\/post"}],"author":[{"embeddable":true,"href":"https:\/\/impactodenoticias.com.ar\/index.php?rest_route=\/wp\/v2\/users\/2"}],"replies":[{"embeddable":true,"href":"https:\/\/impactodenoticias.com.ar\/index.php?rest_route=%2Fwp%2Fv2%2Fcomments&post=13091"}],"version-history":[{"count":1,"href":"https:\/\/impactodenoticias.com.ar\/index.php?rest_route=\/wp\/v2\/posts\/13091\/revisions"}],"predecessor-version":[{"id":13093,"href":"https:\/\/impactodenoticias.com.ar\/index.php?rest_route=\/wp\/v2\/posts\/13091\/revisions\/13093"}],"wp:featuredmedia":[{"embeddable":true,"href":"https:\/\/impactodenoticias.com.ar\/index.php?rest_route=\/wp\/v2\/media\/13092"}],"wp:attachment":[{"href":"https:\/\/impactodenoticias.com.ar\/index.php?rest_route=%2Fwp%2Fv2%2Fmedia&parent=13091"}],"wp:term":[{"taxonomy":"category","embeddable":true,"href":"https:\/\/impactodenoticias.com.ar\/index.php?rest_route=%2Fwp%2Fv2%2Fcategories&post=13091"},{"taxonomy":"post_tag","embeddable":true,"href":"https:\/\/impactodenoticias.com.ar\/index.php?rest_route=%2Fwp%2Fv2%2Ftags&post=13091"}],"curies":[{"name":"wp","href":"https:\/\/api.w.org\/{rel}","templated":true}]}}