{"id":13170,"date":"2025-05-08T09:14:27","date_gmt":"2025-05-08T12:14:27","guid":{"rendered":"https:\/\/impactodenoticias.com.ar\/?p=13170"},"modified":"2025-05-09T12:10:23","modified_gmt":"2025-05-09T15:10:23","slug":"el-dirigente-del-pj-paranaense-jorge-vazquez-arrieta-se-mostro-con-kicillof","status":"publish","type":"post","link":"https:\/\/impactodenoticias.com.ar\/?p=13170","title":{"rendered":"El dirigente del PJ paranaense Jorge V\u00e1zquez Arrieta se mostr\u00f3 con Kicillof"},"content":{"rendered":"\n<h2 class=\"wp-block-heading\">\u00abHoy acompa\u00f1amos al compa\u00f1ero Axel Kicillof en el marco de la reuni\u00f3n de gobernadores miembros del CFI, atentos a la necesidad de recuperar un perfil productivo agroindustrial para la provincia afirmado desde un federalismo de defensa de nuestros recursos, de nuestro pueblo y sus derechos\u00bb, se\u00f1ala el comunicado.<\/h2>\n\n\n\n<p>\u00abEn medio de la situaci\u00f3n que atravesamos bajo el gobierno de Frigerio, en una Entre R\u00edos pr\u00e1cticamente parada; con una gesti\u00f3n de gobierno que se somete al despojo que propone Milei y que deja a las provincias sin la cuota de coparticipaci\u00f3n correspondiente, sin obra p\u00fablica hecho que sufrimos todos los entrerrianos con las rutas destrozadas, los salarios planchados, los hospitales sin mantenimiento ni insumos y las escuelas en igual forma; con una caja de jubilaciones que se pretende sanear quitando haberes a los jubilados y una obra social de los empleados de la provincia que se quiere convertir de buenas a primeras en una caja m\u00e1s del partido de gobierno\u00bb, sostuvo el presidente del PJ de Paran\u00e1, Jorge \u00abKinoto\u00bb V\u00e1zquez Arrieta.<\/p>\n\n\n\n<p>PERONISMO PARA LA VICTORIA<\/p>\n","protected":false},"excerpt":{"rendered":"<p>&laquo;Hoy acompa&ntilde;amos al compa&ntilde;ero Axel Kicillof en el marco de la reuni&oacute;n de gobernadores miembros del CFI, atentos a la necesidad de recuperar un perfil productivo agroindustrial para la provincia afirmado desde un federalismo de defensa de nuestros recursos, de nuestro pueblo y sus derechos&raquo;, se&ntilde;ala el comunicado. &laquo;En medio de la situaci&oacute;n que atravesamos [&hellip;]<\/p>\n","protected":false},"author":2,"featured_media":13171,"comment_status":"open","ping_status":"open","sticky":false,"template":"","format":"standard","meta":{"footnotes":""},"categories":[11,4],"tags":[2498,994],"class_list":["post-13170","post","type-post","status-publish","format-standard","has-post-thumbnail","hentry","category-politica","category-provinciales","tag-axel-kicillof","tag-jorge-vazquez"],"_links":{"self":[{"href":"https:\/\/impactodenoticias.com.ar\/index.php?rest_route=\/wp\/v2\/posts\/13170","targetHints":{"allow":["GET"]}}],"collection":[{"href":"https:\/\/impactodenoticias.com.ar\/index.php?rest_route=\/wp\/v2\/posts"}],"about":[{"href":"https:\/\/impactodenoticias.com.ar\/index.php?rest_route=\/wp\/v2\/types\/post"}],"author":[{"embeddable":true,"href":"https:\/\/impactodenoticias.com.ar\/index.php?rest_route=\/wp\/v2\/users\/2"}],"replies":[{"embeddable":true,"href":"https:\/\/impactodenoticias.com.ar\/index.php?rest_route=%2Fwp%2Fv2%2Fcomments&post=13170"}],"version-history":[{"count":1,"href":"https:\/\/impactodenoticias.com.ar\/index.php?rest_route=\/wp\/v2\/posts\/13170\/revisions"}],"predecessor-version":[{"id":13172,"href":"https:\/\/impactodenoticias.com.ar\/index.php?rest_route=\/wp\/v2\/posts\/13170\/revisions\/13172"}],"wp:featuredmedia":[{"embeddable":true,"href":"https:\/\/impactodenoticias.com.ar\/index.php?rest_route=\/wp\/v2\/media\/13171"}],"wp:attachment":[{"href":"https:\/\/impactodenoticias.com.ar\/index.php?rest_route=%2Fwp%2Fv2%2Fmedia&parent=13170"}],"wp:term":[{"taxonomy":"category","embeddable":true,"href":"https:\/\/impactodenoticias.com.ar\/index.php?rest_route=%2Fwp%2Fv2%2Fcategories&post=13170"},{"taxonomy":"post_tag","embeddable":true,"href":"https:\/\/impactodenoticias.com.ar\/index.php?rest_route=%2Fwp%2Fv2%2Ftags&post=13170"}],"curies":[{"name":"wp","href":"https:\/\/api.w.org\/{rel}","templated":true}]}}