{"id":13173,"date":"2025-05-08T09:21:06","date_gmt":"2025-05-08T12:21:06","guid":{"rendered":"https:\/\/impactodenoticias.com.ar\/?p=13173"},"modified":"2025-05-09T12:10:19","modified_gmt":"2025-05-09T15:10:19","slug":"el-voto-de-los-senadores-entrerrianos-en-el-proyecto-trunco-ficha-limpia","status":"publish","type":"post","link":"https:\/\/impactodenoticias.com.ar\/?p=13173","title":{"rendered":"El voto de los senadores entrerrianos en el proyecto trunco \u00abFicha limpia\u00bb"},"content":{"rendered":"\n<h2 class=\"wp-block-heading\">La iniciativa fue rechazada por un voto en el Senado y de esta forma perdi\u00f3 estado parlamentario, por lo que no podr\u00e1 volver a tratarse durante este a\u00f1o.<\/h2>\n\n\n\n<p>El proyecto de Ficha Limpia finalmente y tras un acalorado debate, no prosper\u00f3 en el Senado nacional y fue rechazado en el recinto. Ahora, el texto pierde estado parlamentario y no puede volver a tratarse este a\u00f1o.<\/p>\n\n\n\n<p>La votaci\u00f3n qued\u00f3 36 a 35. Los votos positivos correspondieron a La Libertad Avanza, el PRO, la Uni\u00f3n C\u00edvica Radical y los bloques provinciales.<\/p>\n\n\n\n<p>Mientras que los 36 votos negativos fueron de los tres interbloques de Uni\u00f3n por la Patria y el Frente Renovador de la Concordia Misionero.<\/p>\n\n\n\n<p>C\u00f3mo votaron los legisladores entrerrianos<\/p>\n\n\n\n<p>Alfredo De \u00c1ngeli, presidente del bloque del PRO, y Stella Maris Olalla, de la UCR, acompa\u00f1aron la iniciativa. Por su parte, Stefan\u00eda Cora, que ingres\u00f3 en el lugar de Edgardo Kueider y hoy forma parte del bloque Unidad Ciudadana, vot\u00f3 de manera negativa.<\/p>\n\n\n\n<p>Sus discursos en el la C\u00e1mara alta:<\/p>\n","protected":false},"excerpt":{"rendered":"<p>La iniciativa fue rechazada por un voto en el Senado y de esta forma perdi&oacute; estado parlamentario, por lo que no podr&aacute; volver a tratarse durante este a&ntilde;o. El proyecto de Ficha Limpia finalmente y tras un acalorado debate, no prosper&oacute; en el Senado nacional y fue rechazado en el recinto. Ahora, el texto pierde [&hellip;]<\/p>\n","protected":false},"author":2,"featured_media":13174,"comment_status":"open","ping_status":"open","sticky":false,"template":"","format":"standard","meta":{"footnotes":""},"categories":[11,4],"tags":[646,45,165,2349],"class_list":["post-13173","post","type-post","status-publish","format-standard","has-post-thumbnail","hentry","category-politica","category-provinciales","tag-entrerrianos","tag-ficha-limpia","tag-senadores","tag-voto"],"_links":{"self":[{"href":"https:\/\/impactodenoticias.com.ar\/index.php?rest_route=\/wp\/v2\/posts\/13173","targetHints":{"allow":["GET"]}}],"collection":[{"href":"https:\/\/impactodenoticias.com.ar\/index.php?rest_route=\/wp\/v2\/posts"}],"about":[{"href":"https:\/\/impactodenoticias.com.ar\/index.php?rest_route=\/wp\/v2\/types\/post"}],"author":[{"embeddable":true,"href":"https:\/\/impactodenoticias.com.ar\/index.php?rest_route=\/wp\/v2\/users\/2"}],"replies":[{"embeddable":true,"href":"https:\/\/impactodenoticias.com.ar\/index.php?rest_route=%2Fwp%2Fv2%2Fcomments&post=13173"}],"version-history":[{"count":1,"href":"https:\/\/impactodenoticias.com.ar\/index.php?rest_route=\/wp\/v2\/posts\/13173\/revisions"}],"predecessor-version":[{"id":13175,"href":"https:\/\/impactodenoticias.com.ar\/index.php?rest_route=\/wp\/v2\/posts\/13173\/revisions\/13175"}],"wp:featuredmedia":[{"embeddable":true,"href":"https:\/\/impactodenoticias.com.ar\/index.php?rest_route=\/wp\/v2\/media\/13174"}],"wp:attachment":[{"href":"https:\/\/impactodenoticias.com.ar\/index.php?rest_route=%2Fwp%2Fv2%2Fmedia&parent=13173"}],"wp:term":[{"taxonomy":"category","embeddable":true,"href":"https:\/\/impactodenoticias.com.ar\/index.php?rest_route=%2Fwp%2Fv2%2Fcategories&post=13173"},{"taxonomy":"post_tag","embeddable":true,"href":"https:\/\/impactodenoticias.com.ar\/index.php?rest_route=%2Fwp%2Fv2%2Ftags&post=13173"}],"curies":[{"name":"wp","href":"https:\/\/api.w.org\/{rel}","templated":true}]}}