{"id":13176,"date":"2025-05-08T09:27:13","date_gmt":"2025-05-08T12:27:13","guid":{"rendered":"https:\/\/impactodenoticias.com.ar\/?p=13176"},"modified":"2025-05-09T12:10:16","modified_gmt":"2025-05-09T15:10:16","slug":"rosario-romero-pondero-la-presencia-de-kicillof-en-parana","status":"publish","type":"post","link":"https:\/\/impactodenoticias.com.ar\/?p=13176","title":{"rendered":"Rosario Romero ponder\u00f3 la presencia de Kicillof en Paran\u00e1"},"content":{"rendered":"\n<h2 class=\"wp-block-heading\">La intendenta de la ciudad de Paran\u00e1, Rosario Romero subray\u00f3 la visita del gobernador bonaerense, tras su participaci\u00f3n en un encuentro de gobernadores, ministros provinciales, empresarios, acad\u00e9micos y referentes del sector privado, que se realiz\u00f3 el martes en Paran\u00e1.<\/h2>\n\n\n\n<p><\/p>\n\n\n\n<blockquote class=\"twitter-tweet\"><p lang=\"es\" dir=\"ltr\">Recibimos al gobernador <a href=\"https:\/\/twitter.com\/Kicillofok?ref_src=twsrc%5Etfw\">@Kicillofok<\/a> en Paran\u00e1.<br>Es un honor contar con su visita en nuestra ciudad, en tiempos donde el encuentro, el di\u00e1logo y la construcci\u00f3n colectiva son m\u00e1s necesarios que nunca. <a href=\"https:\/\/t.co\/Y2NLtpJLo7\">pic.twitter.com\/Y2NLtpJLo7<\/a><\/p>&mdash; Rosario Romero (@rosarioromeroOK) <a href=\"https:\/\/twitter.com\/rosarioromeroOK\/status\/1919793083303985274?ref_src=twsrc%5Etfw\">May 6, 2025<\/a><\/blockquote> <script async src=\"https:\/\/platform.twitter.com\/widgets.js\" charset=\"utf-8\"><\/script>\n\n\n\n<p><\/p>\n\n\n\n<p>\u201cEs un honor contar con su visita en nuestra ciudad, en tiempos donde el encuentro, el di\u00e1logo y la construcci\u00f3n colectiva son m\u00e1s necesarios que nunca\u201d, expres\u00f3 la intendenta Rosario Romero en una foto junto al gobernador de Buenos Aires, Axel Kicillof en su cuenta de X.<\/p>\n\n\n\n<p>El encuentro fue en el marco de una la jornada denominada \u00abUna hoja de ruta hacia un futuro federal\u00bb, organizada por el Consejo Federal de Inversiones (CFI) junto al gobierno de Entre R\u00edos.<\/p>\n\n\n\n<p>El meeting tuvo como meta consolidar acuerdos y estrategias para un modelo de desarrollo productivo con arraigo territorial. Cont\u00f3 con la presencia de los gobernadores Axel Kicillof (Buenos Aires), Maximiliano Pullaro (Santa Fe), Sergio Ziliotto (La Pampa), Ra\u00fal Jalil (Catamarca) e Ignacio Torres (Chubut), adem\u00e1s de funcionarios nacionales, provinciales, legisladores, autoridades judiciales y representantes de los sectores empresario, rural, tur\u00edstico, productivo, acad\u00e9mico y gremial.<\/p>\n\n\n\n<p>La jornada se llev\u00f3 adelante en el Centro Provincial de Convenciones de Paran\u00e1 y estuvo estructurada en tres ejes: innovaci\u00f3n tecnol\u00f3gica, financiamiento productivo y pol\u00edticas de desarrollo territorial.<\/p>\n","protected":false},"excerpt":{"rendered":"<p>La intendenta de la ciudad de Paran&aacute;, Rosario Romero subray&oacute; la visita del gobernador bonaerense, tras su participaci&oacute;n en un encuentro de gobernadores, ministros provinciales, empresarios, acad&eacute;micos y referentes del sector privado, que se realiz&oacute; el martes en Paran&aacute;. Recibimos al gobernador @Kicillofok en Paran&aacute;.Es un honor contar con su visita en nuestra ciudad, en [&hellip;]<\/p>\n","protected":false},"author":2,"featured_media":13177,"comment_status":"open","ping_status":"open","sticky":false,"template":"","format":"standard","meta":{"footnotes":""},"categories":[11,4],"tags":[2498,95,161],"class_list":["post-13176","post","type-post","status-publish","format-standard","has-post-thumbnail","hentry","category-politica","category-provinciales","tag-axel-kicillof","tag-parana","tag-rosario-romero"],"_links":{"self":[{"href":"https:\/\/impactodenoticias.com.ar\/index.php?rest_route=\/wp\/v2\/posts\/13176","targetHints":{"allow":["GET"]}}],"collection":[{"href":"https:\/\/impactodenoticias.com.ar\/index.php?rest_route=\/wp\/v2\/posts"}],"about":[{"href":"https:\/\/impactodenoticias.com.ar\/index.php?rest_route=\/wp\/v2\/types\/post"}],"author":[{"embeddable":true,"href":"https:\/\/impactodenoticias.com.ar\/index.php?rest_route=\/wp\/v2\/users\/2"}],"replies":[{"embeddable":true,"href":"https:\/\/impactodenoticias.com.ar\/index.php?rest_route=%2Fwp%2Fv2%2Fcomments&post=13176"}],"version-history":[{"count":1,"href":"https:\/\/impactodenoticias.com.ar\/index.php?rest_route=\/wp\/v2\/posts\/13176\/revisions"}],"predecessor-version":[{"id":13178,"href":"https:\/\/impactodenoticias.com.ar\/index.php?rest_route=\/wp\/v2\/posts\/13176\/revisions\/13178"}],"wp:featuredmedia":[{"embeddable":true,"href":"https:\/\/impactodenoticias.com.ar\/index.php?rest_route=\/wp\/v2\/media\/13177"}],"wp:attachment":[{"href":"https:\/\/impactodenoticias.com.ar\/index.php?rest_route=%2Fwp%2Fv2%2Fmedia&parent=13176"}],"wp:term":[{"taxonomy":"category","embeddable":true,"href":"https:\/\/impactodenoticias.com.ar\/index.php?rest_route=%2Fwp%2Fv2%2Fcategories&post=13176"},{"taxonomy":"post_tag","embeddable":true,"href":"https:\/\/impactodenoticias.com.ar\/index.php?rest_route=%2Fwp%2Fv2%2Ftags&post=13176"}],"curies":[{"name":"wp","href":"https:\/\/api.w.org\/{rel}","templated":true}]}}