{"id":1318,"date":"2024-07-19T21:55:26","date_gmt":"2024-07-20T00:55:26","guid":{"rendered":"https:\/\/impactodenoticias.com.ar\/?p=1318"},"modified":"2024-07-19T21:55:28","modified_gmt":"2024-07-20T00:55:28","slug":"uriel-lell-la-familia-denuncia-que-prefectura-no-esta-al-joven","status":"publish","type":"post","link":"https:\/\/impactodenoticias.com.ar\/?p=1318","title":{"rendered":"Uriel Lell: la familia denuncia que Prefectura no est\u00e1 al joven"},"content":{"rendered":"\n<p><strong>Se cumplen 15 d\u00edas desde la desaparici\u00f3n de Uriel Lell, que cay\u00f3 al r\u00edo en Paran\u00e1, en Costanera Baja. La familia pide ayuda a los buzos de Prefectura: \u201cSi se lo hubiera llevado la corriente, ya habr\u00eda aparecido\u201d, se\u00f1alan.<\/strong><\/p>\n\n\n\n<p>Cecilia, mam\u00e1 de Uriel, denunci\u00f3 que \u201cestamos viendo si se hace el rastrillaje, pero no hay novedades. Prefectura no lo est\u00e1 buscando. Salen a hacer sus recorridos habituales, hacen visualizaciones sobre el agua, est\u00e1n esperando que el cuerpo flote\u201d, destac\u00f3.<\/p>\n\n\n\n<p>\u201cLa \u00fanica esperanza que tenemos es que est\u00e9 enganchado en alguna parte, sobre todo debajo de un pont\u00f3n. Pedimos ayuda a los buzos para buscarlo porque el pont\u00f3n no se puede mover, pero no hemos tenido respuestas\u201d, se\u00f1al\u00f3 Cecilia.<\/p>\n\n\n\n<p>\u201cEs imposible que lo haya arrastrado la corriente, porque lo hubieran encontrado\u201d, agreg\u00f3.<\/p>\n\n\n\n<p>Aprovech\u00f3 para agradecer a los pescadores que colaboran con la b\u00fasqueda: \u201cNo se les puede pedir m\u00e1s. Desde el primer d\u00eda vinieron a ayudar durante todo el d\u00eda, dejaron de comer ellos mismos por venir\u201d, cont\u00f3.<\/p>\n\n\n\n<p>\u201cPed\u00ed que me autoricen a ver las c\u00e1maras del 911, porque tengo mis dudas. Despu\u00e9s de salir del boliche, a Uriel se lo ve cruzar y se lo pierde de vista. El video termina ah\u00ed, y no se ve qui\u00e9n sale del muelle, cu\u00e1ntas personas salieron de ese lugar y si la polic\u00eda lleg\u00f3 enseguida\u201d, concluy\u00f3.<\/p>\n","protected":false},"excerpt":{"rendered":"<p>Se cumplen 15 d&iacute;as desde la desaparici&oacute;n de Uriel Lell, que cay&oacute; al r&iacute;o en Paran&aacute;, en Costanera Baja. La familia pide ayuda a los buzos de Prefectura: &ldquo;Si se lo hubiera llevado la corriente, ya habr&iacute;a aparecido&rdquo;, se&ntilde;alan. Cecilia, mam&aacute; de Uriel, denunci&oacute; que &ldquo;estamos viendo si se hace el rastrillaje, pero no hay [&hellip;]<\/p>\n","protected":false},"author":2,"featured_media":1319,"comment_status":"open","ping_status":"open","sticky":false,"template":"","format":"standard","meta":{"footnotes":""},"categories":[3,8],"tags":[68,661,662,398],"class_list":["post-1318","post","type-post","status-publish","format-standard","has-post-thumbnail","hentry","category-locales","category-policiales","tag-denuncia","tag-mama","tag-prefectura","tag-uriel-lell"],"_links":{"self":[{"href":"https:\/\/impactodenoticias.com.ar\/index.php?rest_route=\/wp\/v2\/posts\/1318","targetHints":{"allow":["GET"]}}],"collection":[{"href":"https:\/\/impactodenoticias.com.ar\/index.php?rest_route=\/wp\/v2\/posts"}],"about":[{"href":"https:\/\/impactodenoticias.com.ar\/index.php?rest_route=\/wp\/v2\/types\/post"}],"author":[{"embeddable":true,"href":"https:\/\/impactodenoticias.com.ar\/index.php?rest_route=\/wp\/v2\/users\/2"}],"replies":[{"embeddable":true,"href":"https:\/\/impactodenoticias.com.ar\/index.php?rest_route=%2Fwp%2Fv2%2Fcomments&post=1318"}],"version-history":[{"count":1,"href":"https:\/\/impactodenoticias.com.ar\/index.php?rest_route=\/wp\/v2\/posts\/1318\/revisions"}],"predecessor-version":[{"id":1320,"href":"https:\/\/impactodenoticias.com.ar\/index.php?rest_route=\/wp\/v2\/posts\/1318\/revisions\/1320"}],"wp:featuredmedia":[{"embeddable":true,"href":"https:\/\/impactodenoticias.com.ar\/index.php?rest_route=\/wp\/v2\/media\/1319"}],"wp:attachment":[{"href":"https:\/\/impactodenoticias.com.ar\/index.php?rest_route=%2Fwp%2Fv2%2Fmedia&parent=1318"}],"wp:term":[{"taxonomy":"category","embeddable":true,"href":"https:\/\/impactodenoticias.com.ar\/index.php?rest_route=%2Fwp%2Fv2%2Fcategories&post=1318"},{"taxonomy":"post_tag","embeddable":true,"href":"https:\/\/impactodenoticias.com.ar\/index.php?rest_route=%2Fwp%2Fv2%2Ftags&post=1318"}],"curies":[{"name":"wp","href":"https:\/\/api.w.org\/{rel}","templated":true}]}}